{"id":2272,"date":"2023-03-09T20:11:10","date_gmt":"2023-03-09T20:11:10","guid":{"rendered":"https:\/\/appefis.org\/pt\/?p=2272"},"modified":"2023-04-11T19:20:30","modified_gmt":"2023-04-11T19:20:30","slug":"formativo-interdisciplinaridade","status":"publish","type":"post","link":"https:\/\/appefis.org\/pt\/2023\/03\/09\/formativo-interdisciplinaridade\/","title":{"rendered":"Educa\u00e7\u00e3o F\u00edsica \u2013 Valor Formativo e Interdisciplinaridade"},"content":{"rendered":"<p><div class=\"fusion-fullwidth fullwidth-box fusion-builder-row-1 fusion-flex-container nonhundred-percent-fullwidth non-hundred-percent-height-scrolling\" style=\"--awb-background-position:left top;--awb-border-sizes-top:0px;--awb-border-sizes-bottom:0px;--awb-border-sizes-left:0px;--awb-border-sizes-right:0px;--awb-border-radius-top-left:0px;--awb-border-radius-top-right:0px;--awb-border-radius-bottom-right:0px;--awb-border-radius-bottom-left:0px;--awb-padding-bottom:20px;--awb-margin-top:20px;--awb-margin-top-medium:0px;--awb-margin-top-small:0px;\" ><div class=\"fusion-builder-row fusion-row fusion-flex-align-items-flex-start\" style=\"max-width:1216.8px;margin-left: calc(-4% \/ 2 );margin-right: calc(-4% \/ 2 );\"><div class=\"fusion-layout-column fusion_builder_column fusion-builder-column-0 fusion_builder_column_1_1 1_1 fusion-flex-column\" style=\"--awb-padding-right:10%;--awb-padding-left:10%;--awb-padding-right-medium:60px;--awb-padding-left-medium:60px;--awb-padding-right-small:20px;--awb-padding-left-small:20px;--awb-bg-blend:overlay;--awb-bg-size:cover;--awb-width-large:100%;--awb-margin-top-large:0px;--awb-spacing-right-large:1.92%;--awb-margin-bottom-large:0px;--awb-spacing-left-large:1.92%;--awb-width-medium:100%;--awb-spacing-right-medium:1.92%;--awb-spacing-left-medium:1.92%;--awb-width-small:100%;--awb-spacing-right-small:1.92%;--awb-spacing-left-small:1.92%;\"><div class=\"fusion-column-wrapper fusion-flex-justify-content-flex-start fusion-content-layout-column\"><div class=\"fusion-title title fusion-title-1 fusion-sep-none fusion-title-center fusion-title-text fusion-title-size-two\"><h2 class=\"title-heading-center fusion-responsive-typography-calculated\" style=\"margin:0;text-transform:capitalize;--fontSize:60;line-height:var(--awb-typography1-line-height);\">Educa\u00e7\u00e3o F\u00edsica \u2013 Valor Formativo e Interdisciplinaridade<\/h2><\/div><div class=\"fusion-image-element \" style=\"text-align:center;--awb-caption-title-font-family:var(--h2_typography-font-family);--awb-caption-title-font-weight:var(--h2_typography-font-weight);--awb-caption-title-font-style:var(--h2_typography-font-style);--awb-caption-title-size:var(--h2_typography-font-size);--awb-caption-title-transform:var(--h2_typography-text-transform);--awb-caption-title-line-height:var(--h2_typography-line-height);--awb-caption-title-letter-spacing:var(--h2_typography-letter-spacing);\"><span class=\" fusion-imageframe imageframe-none imageframe-1 hover-type-none\" class=\"image-magnify\" class=\"image-scroll\"><img decoding=\"async\" src=\"data:image\/gif;base64,R0lGODlhAQABAAAAACH5BAEKAAEALAAAAAABAAEAAAICTAEAOw==\" data-orig-src=\"https:\/\/appefis.org\/pt\/wp-content\/uploads\/2016\/07\/divide.png\" alt class=\"lazyload img-responsive\"\/><\/span><\/div><div class=\"fusion-separator fusion-full-width-sep\" style=\"align-self: center;margin-left: auto;margin-right: auto;margin-top:20px;width:100%;\"><\/div><div class=\"fusion-builder-row fusion-builder-row-inner fusion-row fusion-flex-align-items-flex-start\" style=\"width:104% !important;max-width:104% !important;margin-left: calc(-4% \/ 2 );margin-right: calc(-4% \/ 2 );\"><div class=\"fusion-layout-column fusion_builder_column_inner fusion-builder-nested-column-0 fusion_builder_column_inner_1_2 1_2 fusion-flex-column\" style=\"--awb-bg-size:cover;--awb-width-large:50%;--awb-margin-top-large:0px;--awb-spacing-right-large:3.84%;--awb-margin-bottom-large:0px;--awb-spacing-left-large:3.84%;--awb-width-medium:50%;--awb-order-medium:0;--awb-spacing-right-medium:3.84%;--awb-spacing-left-medium:3.84%;--awb-width-small:100%;--awb-order-small:0;--awb-spacing-right-small:1.92%;--awb-spacing-left-small:1.92%;\"><div class=\"fusion-column-wrapper fusion-column-has-shadow fusion-flex-justify-content-flex-start fusion-content-layout-column\"><div class=\"fusion-text fusion-text-1 sm-text-align-center\" style=\"--awb-content-alignment:right;--awb-font-size:16p;--awb-letter-spacing:2px;\"><\/div><\/div><\/div><div class=\"fusion-layout-column fusion_builder_column_inner fusion-builder-nested-column-1 fusion_builder_column_inner_1_2 1_2 fusion-flex-column\" style=\"--awb-bg-size:cover;--awb-width-large:50%;--awb-margin-top-large:0px;--awb-spacing-right-large:3.84%;--awb-margin-bottom-large:0px;--awb-spacing-left-large:3.84%;--awb-width-medium:50%;--awb-order-medium:0;--awb-spacing-right-medium:3.84%;--awb-spacing-left-medium:3.84%;--awb-width-small:100%;--awb-order-small:0;--awb-spacing-right-small:1.92%;--awb-spacing-left-small:1.92%;\"><div class=\"fusion-column-wrapper fusion-column-has-shadow fusion-flex-justify-content-flex-start fusion-content-layout-column\"><div class=\"fusion-text fusion-text-2 sm-text-align-center\" style=\"--awb-content-alignment:left;--awb-font-size:16p;--awb-letter-spacing:2px;\"><p>Mar\u00e7o 9, 2023<\/p>\n<\/div><\/div><\/div><\/div><div class=\"fusion-image-element \" style=\"text-align:center;--awb-liftup-border-radius:0px;--awb-margin-top:20px;--awb-caption-title-font-family:var(--h2_typography-font-family);--awb-caption-title-font-weight:var(--h2_typography-font-weight);--awb-caption-title-font-style:var(--h2_typography-font-style);--awb-caption-title-size:var(--h2_typography-font-size);--awb-caption-title-transform:var(--h2_typography-text-transform);--awb-caption-title-line-height:var(--h2_typography-line-height);--awb-caption-title-letter-spacing:var(--h2_typography-letter-spacing);\"><div class=\"awb-image-frame awb-image-frame-2 imageframe-liftup\"><span class=\" fusion-imageframe imageframe-none imageframe-2\" class=\"image-scroll\"><a href=\"https:\/\/appefis.org\/pt\/wp-content\/uploads\/2023\/03\/APPEFIS-Formacao-Continua.png\" class=\"fusion-lightbox\" data-rel=\"iLightbox[62c60f473cb8afe4b84]\" data-title=\"APPEFIS Forma\u00e7\u00e3o Continua\" title=\"APPEFIS Forma\u00e7\u00e3o Continua\"><img decoding=\"async\" width=\"1920\" height=\"1080\" src=\"https:\/\/appefis.org\/pt\/wp-content\/uploads\/2023\/03\/APPEFIS-Formacao-Continua.png\" data-orig-src=\"https:\/\/appefis.org\/pt\/wp-content\/uploads\/2023\/03\/APPEFIS-Formacao-Continua.png\" alt class=\"lazyload img-responsive wp-image-2275\" srcset=\"data:image\/svg+xml,%3Csvg%20xmlns%3D%27http%3A%2F%2Fwww.w3.org%2F2000%2Fsvg%27%20width%3D%271920%27%20height%3D%271080%27%20viewBox%3D%270%200%201920%201080%27%3E%3Crect%20width%3D%271920%27%20height%3D%271080%27%20fill-opacity%3D%220%22%2F%3E%3C%2Fsvg%3E\" data-srcset=\"https:\/\/appefis.org\/pt\/wp-content\/uploads\/2023\/03\/APPEFIS-Formacao-Continua-200x113.png 200w, https:\/\/appefis.org\/pt\/wp-content\/uploads\/2023\/03\/APPEFIS-Formacao-Continua-400x225.png 400w, https:\/\/appefis.org\/pt\/wp-content\/uploads\/2023\/03\/APPEFIS-Formacao-Continua-600x338.png 600w, https:\/\/appefis.org\/pt\/wp-content\/uploads\/2023\/03\/APPEFIS-Formacao-Continua-800x450.png 800w, https:\/\/appefis.org\/pt\/wp-content\/uploads\/2023\/03\/APPEFIS-Formacao-Continua-1200x675.png 1200w, https:\/\/appefis.org\/pt\/wp-content\/uploads\/2023\/03\/APPEFIS-Formacao-Continua.png 1920w\" data-sizes=\"auto\" data-orig-sizes=\"(max-width: 1024px) 100vw, (max-width: 640px) 100vw, 1200px\" \/><\/a><\/span><\/div><\/div><div class=\"fusion-separator fusion-full-width-sep\" style=\"align-self: center;margin-left: auto;margin-right: auto;margin-top:50px;width:100%;\"><\/div><\/div><\/div><\/div><\/div><div class=\"fusion-fullwidth fullwidth-box fusion-builder-row-2 fusion-flex-container has-pattern-background has-mask-background nonhundred-percent-fullwidth non-hundred-percent-height-scrolling\" style=\"--awb-border-radius-top-left:0px;--awb-border-radius-top-right:0px;--awb-border-radius-bottom-right:0px;--awb-border-radius-bottom-left:0px;\" ><div class=\"fusion-builder-row fusion-row fusion-flex-align-items-flex-start\" style=\"max-width:1216.8px;margin-left: calc(-4% \/ 2 );margin-right: calc(-4% \/ 2 );\"><div class=\"fusion-layout-column fusion_builder_column fusion-builder-column-1 fusion_builder_column_1_1 1_1 fusion-flex-column\" style=\"--awb-bg-size:cover;--awb-width-large:100%;--awb-margin-top-large:0px;--awb-spacing-right-large:1.92%;--awb-margin-bottom-large:0px;--awb-spacing-left-large:1.92%;--awb-width-medium:100%;--awb-order-medium:0;--awb-spacing-right-medium:1.92%;--awb-spacing-left-medium:1.92%;--awb-width-small:100%;--awb-order-small:0;--awb-spacing-right-small:1.92%;--awb-spacing-left-small:1.92%;\"><div class=\"fusion-column-wrapper fusion-column-has-shadow fusion-flex-justify-content-flex-start fusion-content-layout-column\"><div class=\"fusion-text fusion-text-3\"><div><span id=\"page3R_mcid0\" class=\"markedContent\"><\/span><strong><span id=\"page3R_mcid1\" class=\"markedContent\"><span dir=\"ltr\" role=\"presentation\">DESIGNA\u00c7\u00c3O DA A\u00c7\u00c3O DE FORMA\u00c7\u00c3O<\/span><\/span><\/strong><span id=\"page3R_mcid2\" class=\"markedContent\"><\/span><span id=\"page3R_mcid3\" class=\"markedContent\"><\/span><span id=\"page3R_mcid4\" class=\"markedContent\"><\/span><span id=\"page3R_mcid5\" class=\"markedContent\"><br role=\"presentation\" \/><span dir=\"ltr\" role=\"presentation\">Educa\u00e7\u00e3o F\u00edsica<\/span> <span dir=\"ltr\" role=\"presentation\">\u2013<\/span> <span dir=\"ltr\" role=\"presentation\">valor<\/span> <span dir=\"ltr\" role=\"presentation\">formativ<\/span><span dir=\"ltr\" role=\"presentation\">o<\/span> <span dir=\"ltr\" role=\"presentation\">e<\/span> <span dir=\"ltr\" role=\"presentation\">pr\u00e1ticas<\/span> <span dir=\"ltr\" role=\"presentation\">interdisciplinar<\/span><span dir=\"ltr\" role=\"presentation\">es<\/span><\/span><\/div>\n<div><span id=\"page3R_mcid6\" class=\"markedContent\"><\/span><span id=\"page3R_mcid7\" class=\"markedContent\"><\/span><span id=\"page3R_mcid8\" class=\"markedContent\"><\/span><span id=\"page3R_mcid9\" class=\"markedContent\"><br role=\"presentation\" \/><strong><span dir=\"ltr\" role=\"presentation\">OBJETIVOS A ATINGIR<\/span><\/strong><\/span><span id=\"page3R_mcid10\" class=\"markedContent\"><br role=\"presentation\" \/><span dir=\"ltr\" role=\"presentation\">1.<\/span> <span dir=\"ltr\" role=\"presentation\">Identificar e caracterizar<\/span> <span dir=\"ltr\" role=\"presentation\">o conceito de interdisciplinaridade, reconhecendo o seu <\/span><span dir=\"ltr\" role=\"presentation\">enquadramento te\u00f3rico<\/span> <span dir=\"ltr\" role=\"presentation\">e legal<\/span><span dir=\"ltr\" role=\"presentation\">;<\/span><\/span><span id=\"page3R_mcid11\" class=\"markedContent\"><br role=\"presentation\" \/><span dir=\"ltr\" role=\"presentation\">2. Identificar, no curr\u00edculo da Educa\u00e7\u00e3o F\u00edsica, (PNEF e Aprendizagens Essenciais), <\/span><span dir=\"ltr\" role=\"presentation\">conte\u00fados e compet\u00eancias<\/span> <span dir=\"ltr\" role=\"presentation\">valorizadores de pr\u00e1ticas de ensino e<\/span> <span dir=\"ltr\" role=\"presentation\">aprendizagem;<\/span><\/span><span id=\"page3R_mcid12\" class=\"markedContent\"><br role=\"presentation\" \/><span dir=\"ltr\" role=\"presentation\">3<\/span><span dir=\"ltr\" role=\"presentation\">.<\/span> <span dir=\"ltr\" role=\"presentation\">Caracterizar<\/span> <span dir=\"ltr\" role=\"presentation\">pr\u00e1ticas interdiciplinares no \u00e2mbito das DAC<\/span><span dir=\"ltr\" role=\"presentation\">,<\/span> <span dir=\"ltr\" role=\"presentation\">identificando pontos <\/span><span dir=\"ltr\" role=\"presentation\">cr\u00edticos do seu desenvolvimento com sucesso na \u00f3tica da aprendizagem<\/span><span dir=\"ltr\" role=\"presentation\">;<\/span><\/span><span id=\"page3R_mcid13\" class=\"markedContent\"><br role=\"presentation\" \/><span dir=\"ltr\" role=\"presentation\">4<\/span><span dir=\"ltr\" role=\"presentation\">. Conceber e concretizar<\/span> <span dir=\"ltr\" role=\"presentation\">dispositivos<\/span> <span dir=\"ltr\" role=\"presentation\">interdisciplinares, articulando \u00e1reas discipliares <\/span><span dir=\"ltr\" role=\"presentation\">que comp\u00f5em o curr\u00edculo do<\/span> <span dir=\"ltr\" role=\"presentation\">2<\/span><span dir=\"ltr\" role=\"presentation\">.<\/span><span dir=\"ltr\" role=\"presentation\">\u00ba e 3.\u00ba<\/span> <span dir=\"ltr\" role=\"presentation\">CEB.<\/span><\/span><span id=\"page3R_mcid14\" class=\"markedContent\"><\/span><span id=\"page3R_mcid15\" class=\"markedContent\"><br role=\"presentation\" \/><\/span><\/div>\n<div><\/div>\n<div><strong><span id=\"page3R_mcid15\" class=\"markedContent\"><span dir=\"ltr\" role=\"presentation\">Compet\u00eancias<\/span><\/span><\/strong><\/div>\n<div><span id=\"page3R_mcid16\" class=\"markedContent\"><span dir=\"ltr\" role=\"presentation\">1<\/span><span dir=\"ltr\" role=\"presentation\">.<\/span> <span dir=\"ltr\" role=\"presentation\">Familiariza\u00e7\u00e3o e u<\/span><span dir=\"ltr\" role=\"presentation\">tiliza<\/span><span dir=\"ltr\" role=\"presentation\">\u00e7\u00e3o<\/span> <span dir=\"ltr\" role=\"presentation\">adequada d<\/span><span dir=\"ltr\" role=\"presentation\">os procedimentos<\/span> <span dir=\"ltr\" role=\"presentation\">de<\/span> <span dir=\"ltr\" role=\"presentation\">planeamento<\/span> <span dir=\"ltr\" role=\"presentation\">de uma <\/span><span dir=\"ltr\" role=\"presentation\">pr\u00e1tica interdisciplinar<\/span><span dir=\"ltr\" role=\"presentation\">.<\/span><\/span><span id=\"page3R_mcid17\" class=\"markedContent\"><\/span><span id=\"page3R_mcid18\" class=\"markedContent\"><br role=\"presentation\" \/><span dir=\"ltr\" role=\"presentation\">2<\/span><span dir=\"ltr\" role=\"presentation\">.<\/span> <span dir=\"ltr\" role=\"presentation\">Conce<\/span><span dir=\"ltr\" role=\"presentation\">\u00e7\u00e3o de<\/span> <span dir=\"ltr\" role=\"presentation\">atividade interdisciplinar<\/span><span dir=\"ltr\" role=\"presentation\">,<\/span> <span dir=\"ltr\" role=\"presentation\">articul<\/span><span dir=\"ltr\" role=\"presentation\">ando<\/span> <span dir=\"ltr\" role=\"presentation\">a Educa\u00e7\u00e3o F\u00edsica com<\/span> <span dir=\"ltr\" role=\"presentation\">outra(s) <\/span><span dir=\"ltr\" role=\"presentation\">\u00e1reas disciplinares do curr\u00edculo.<\/span><\/span><span id=\"page3R_mcid19\" class=\"markedContent\"><\/span><span id=\"page3R_mcid20\" class=\"markedContent\"><br role=\"presentation\" \/><span dir=\"ltr\" role=\"presentation\">3. Concretiza<\/span><span dir=\"ltr\" role=\"presentation\">\u00e7\u00e3o<\/span> <span dir=\"ltr\" role=\"presentation\">d<\/span><span dir=\"ltr\" role=\"presentation\">a pr\u00e1tica inte<\/span><span dir=\"ltr\" role=\"presentation\">rdisciplinar planeada<\/span><span dir=\"ltr\" role=\"presentation\">,<\/span> <span dir=\"ltr\" role=\"presentation\">em situa\u00e7\u00e3o de microensino<\/span><span dir=\"ltr\" role=\"presentation\">;<\/span><\/span><span id=\"page3R_mcid21\" class=\"markedContent\"><\/span><span id=\"page3R_mcid22\" class=\"markedContent\"><br role=\"presentation\" \/><span dir=\"ltr\" role=\"presentation\">4. An\u00e1lise cr\u00edtica das pr\u00f3prias decis\u00f5es e as dos colegas, quanto \u00e0 sua adequa\u00e7\u00e3o aos <\/span><span dir=\"ltr\" role=\"presentation\">prop\u00f3sitos previamente definidos.<\/span><\/span><\/div>\n<div><\/div>\n<div><strong><span id=\"page3R_mcid15\" class=\"markedContent\"><span dir=\"ltr\" role=\"presentation\">Conte\u00fados da a\u00e7\u00e3o<\/span><\/span><\/strong><\/div>\n<div><img decoding=\"async\" class=\"lazyload alignnone size-large wp-image-2278\" src=\"https:\/\/appefis.org\/pt\/wp-content\/uploads\/2023\/03\/formacaoAppefis_valorInterdisciplinariedade_conteudos_acao-1-1024x554.png\" data-orig-src=\"https:\/\/appefis.org\/pt\/wp-content\/uploads\/2023\/03\/formacaoAppefis_valorInterdisciplinariedade_conteudos_acao-1-1024x554.png\" alt=\"\" width=\"1024\" height=\"554\" srcset=\"data:image\/svg+xml,%3Csvg%20xmlns%3D%27http%3A%2F%2Fwww.w3.org%2F2000%2Fsvg%27%20width%3D%271024%27%20height%3D%27554%27%20viewBox%3D%270%200%201024%20554%27%3E%3Crect%20width%3D%271024%27%20height%3D%27554%27%20fill-opacity%3D%220%22%2F%3E%3C%2Fsvg%3E\" data-srcset=\"https:\/\/appefis.org\/pt\/wp-content\/uploads\/2023\/03\/formacaoAppefis_valorInterdisciplinariedade_conteudos_acao-1-200x108.png 200w, https:\/\/appefis.org\/pt\/wp-content\/uploads\/2023\/03\/formacaoAppefis_valorInterdisciplinariedade_conteudos_acao-1-300x162.png 300w, https:\/\/appefis.org\/pt\/wp-content\/uploads\/2023\/03\/formacaoAppefis_valorInterdisciplinariedade_conteudos_acao-1-400x216.png 400w, https:\/\/appefis.org\/pt\/wp-content\/uploads\/2023\/03\/formacaoAppefis_valorInterdisciplinariedade_conteudos_acao-1-600x325.png 600w, https:\/\/appefis.org\/pt\/wp-content\/uploads\/2023\/03\/formacaoAppefis_valorInterdisciplinariedade_conteudos_acao-1-768x416.png 768w, https:\/\/appefis.org\/pt\/wp-content\/uploads\/2023\/03\/formacaoAppefis_valorInterdisciplinariedade_conteudos_acao-1-800x433.png 800w, https:\/\/appefis.org\/pt\/wp-content\/uploads\/2023\/03\/formacaoAppefis_valorInterdisciplinariedade_conteudos_acao-1-1024x554.png 1024w, https:\/\/appefis.org\/pt\/wp-content\/uploads\/2023\/03\/formacaoAppefis_valorInterdisciplinariedade_conteudos_acao-1.png 1144w\" data-sizes=\"auto\" data-orig-sizes=\"(max-width: 1024px) 100vw, 1024px\" \/><\/div>\n<div><\/div>\n<div><a href=\"https:\/\/appefis.org\/pt\/wp-content\/uploads\/2023\/03\/Ficha-inscricao-Educacao-Fisica-\u2013-valor-formativo-e-interdisciplinaridade.pdf\">Ficha inscri\u00e7\u00e3o Educa\u00e7\u00e3o F\u00edsica \u2013 valor formativo e interdisciplinaridade<\/a><\/div>\n<div><\/div>\n<\/div><div class=\"fusion-separator fusion-full-width-sep\" style=\"align-self: center;margin-left: auto;margin-right: auto;margin-top:30px;width:100%;\"><\/div><div class=\"fusion-text fusion-text-4\"><div><strong>Educa\u00e7\u00e3o F\u00edsica \u2013 valor formativo e interdisciplinaridade<\/strong><\/div>\n<div>25 horas<\/div>\n<div><\/div>\n<div>formato<\/div>\n<div>B-learning (14 horas presenciais\u00a0+ 11 online)<\/div>\n<div><\/div>\n<div>datas<\/div>\n<div>de 18 de abril a 18 de Maio (sess\u00f5es presenciais a 22 abril e 06 maio, em Coimbra)<\/div>\n<div><\/div>\n<div>formador<\/div>\n<div>Pedro Cabral Mendes (AE Coimbra Oeste)<\/div>\n<div><\/div>\n<div><strong><span id=\"page3R_mcid15\" class=\"markedContent\"><span dir=\"ltr\" role=\"presentation\">Data limite de inscri\u00e7\u00e3o: 12 de abril de 2023<\/span><\/span><\/strong><\/div>\n<p>Pre\u00e7o: associados da\u00a0<span class=\"il\">APPEFIS<\/span>: 40\u20ac;\u00a0 n\u00e3o associados: 55\u20ac<\/p>\n<\/div><div class=\"fusion-separator fusion-full-width-sep\" style=\"align-self: center;margin-left: auto;margin-right: auto;margin-top:30px;width:100%;\"><\/div><\/div><\/div><\/div><\/div><\/p>\n","protected":false},"excerpt":{"rendered":"<p>Foi introduzido no Plano de Forma\u00e7\u00e3o da APPEFIS a a\u00e7\u00e3o Educa\u00e7\u00e3o F\u00edsica \u2013 valor formativo e interdisciplinaridade \u2013 (formato B-learning: 14 horas presenciais + 11 online). Datas: 17 de abril a 18 de Maio (sess\u00f5es presenciais a 22 abril e 06 maio, em Coimbra).<\/p>\n","protected":false},"author":3,"featured_media":2275,"comment_status":"closed","ping_status":"closed","sticky":false,"template":"","format":"standard","meta":{"footnotes":""},"categories":[19],"tags":[59,60],"post_folder":[],"class_list":["post-2272","post","type-post","status-publish","format-standard","has-post-thumbnail","hentry","category-formacao-continua","tag-interdisciplinaridade","tag-valor"],"_links":{"self":[{"href":"https:\/\/appefis.org\/pt\/wp-json\/wp\/v2\/posts\/2272","targetHints":{"allow":["GET"]}}],"collection":[{"href":"https:\/\/appefis.org\/pt\/wp-json\/wp\/v2\/posts"}],"about":[{"href":"https:\/\/appefis.org\/pt\/wp-json\/wp\/v2\/types\/post"}],"author":[{"embeddable":true,"href":"https:\/\/appefis.org\/pt\/wp-json\/wp\/v2\/users\/3"}],"replies":[{"embeddable":true,"href":"https:\/\/appefis.org\/pt\/wp-json\/wp\/v2\/comments?post=2272"}],"version-history":[{"count":9,"href":"https:\/\/appefis.org\/pt\/wp-json\/wp\/v2\/posts\/2272\/revisions"}],"predecessor-version":[{"id":2324,"href":"https:\/\/appefis.org\/pt\/wp-json\/wp\/v2\/posts\/2272\/revisions\/2324"}],"wp:featuredmedia":[{"embeddable":true,"href":"https:\/\/appefis.org\/pt\/wp-json\/wp\/v2\/media\/2275"}],"wp:attachment":[{"href":"https:\/\/appefis.org\/pt\/wp-json\/wp\/v2\/media?parent=2272"}],"wp:term":[{"taxonomy":"category","embeddable":true,"href":"https:\/\/appefis.org\/pt\/wp-json\/wp\/v2\/categories?post=2272"},{"taxonomy":"post_tag","embeddable":true,"href":"https:\/\/appefis.org\/pt\/wp-json\/wp\/v2\/tags?post=2272"},{"taxonomy":"post_folder","embeddable":true,"href":"https:\/\/appefis.org\/pt\/wp-json\/wp\/v2\/post_folder?post=2272"}],"curies":[{"name":"wp","href":"https:\/\/api.w.org\/{rel}","templated":true}]}}