{"id":2344,"date":"2023-04-22T08:41:13","date_gmt":"2023-04-22T08:41:13","guid":{"rendered":"https:\/\/appefis.org\/pt\/?p=2344"},"modified":"2023-10-01T11:36:32","modified_gmt":"2023-10-01T11:36:32","slug":"12-o-forum-internacional-das-ciencias-da-educacao-fisica-ficef","status":"publish","type":"post","link":"https:\/\/appefis.org\/pt\/2023\/04\/22\/12-o-forum-internacional-das-ciencias-da-educacao-fisica-ficef\/","title":{"rendered":"12.\u00ba F\u00f3rum Internacional das Ci\u00eancias da Educa\u00e7\u00e3o F\u00edsica (FICEF)"},"content":{"rendered":"<p>A Faculdade de Ci\u00eancias do Desporto e Educa\u00e7\u00e3o F\u00edsica promove nos pr\u00f3ximos dias 28 de abril e 5 de maio a XII Edi\u00e7\u00e3o do F\u00f3rum Internacional das Ci\u00eancias da Educa\u00e7\u00e3o F\u00edsica, um evento dedicado \u00e0 comunidade profissional da Educa\u00e7\u00e3o F\u00edsica, organizado pelo Mestrado em Ensino de Educa\u00e7\u00e3o F\u00edsica nos Ensinos B\u00e1sico e Secund\u00e1rio (MEEFEBS) da FCDEF-UC.<\/p>\n<p>A edi\u00e7\u00e3o deste ano ser\u00e1 dedicada ao tema\u00a0\u201cInova\u00e7\u00e3o e Tecnologias em Educa\u00e7\u00e3o F\u00edsica\u201d, com a presen\u00e7a de dois conferencistas internacionais convidados, o Professor Doutor Albert Batalla, da Universidade de Barcelona e a Professora Doutora Kathrin Bretz, da Universidade de Zurich.<\/p>\n<p>A preocupa\u00e7\u00e3o em desenvolver e atualizar as pr\u00e1ticas de ensino da Educa\u00e7\u00e3o F\u00edsica orienta a edi\u00e7\u00e3o deste ano para a divulga\u00e7\u00e3o de pr\u00e1ticas inovadoras que enquadrem as eventuais possibilidades de uso das tecnologias e da sua mobiliza\u00e7\u00e3o no ensino. A edi\u00e7\u00e3o conta ao longo dos dois dias com duas mesas redondas, dedicadas \u00e0s potencialidades das tecnologias e \u00e0s pr\u00e1ticas inovadoras em Educa\u00e7\u00e3o F\u00edsica, e com a apresenta\u00e7\u00e3o de trabalhos da componente investigativa do Relat\u00f3rio de Est\u00e1gio por estudantes do MEEFEBS.<\/p>\n<p>Datas:\u00a028\/04\/2023 e 05\/05\/2023<\/p>\n<p>Local:\u00a0Est\u00e1dio Universit\u00e1rio de Coimbra: Audit\u00f3rio Rui de Alarc\u00e3o e sala 56. Faculdade de Ci\u00eancias do Desporto e Educa\u00e7\u00e3o F\u00edsica.<\/p>\n<p>Destinat\u00e1rios:\u00a0Estudantes, Professores de Educa\u00e7\u00e3o F\u00edsica<\/p>\n<p><b>12 horas acreditadas\u00a0pelo CCPFC para professores dos grupos 260 e 620<\/b><\/p>\n<p>Inscri\u00e7\u00f5es\u00a0abertas a partir de 12\/04\/2023<\/p>\n<p>Organiza\u00e7\u00e3o:\u00a0Mestrado em Ensino de Educa\u00e7\u00e3o F\u00edsica nos Ensinos B\u00e1sicos e Secund\u00e1rio da FCDEFUC<\/p>\n<p>Comiss\u00e3o organizadora:\u00a0Elsa Ribeiro Silva, Miguel Fachada, Paulo Nobre, Catarina Amorim, Antero Abreu, Estudantes estagi\u00e1rios do MEEFEBS<\/p>\n<p>Pre\u00e7os:<\/p>\n<p>Estudantes: \u20ac 5,00 euros<\/p>\n<p>Professores associados da APPEFIS: \u20ac 10,00 euros<\/p>\n<p>Professores n\u00e3o associados: \u20ac 15,00 euros<\/p>\n<p>Link para a inscri\u00e7\u00e3o:\u00a0<a href=\"https:\/\/lojas.ci.uc.pt\/uc\/index.php?cPath=28_450\" target=\"_blank\" rel=\"noopener\" data-saferedirecturl=\"https:\/\/www.google.com\/url?q=https:\/\/lojas.ci.uc.pt\/uc\/index.php?cPath%3D28_450&amp;source=gmail&amp;ust=1682192857366000&amp;usg=AOvVaw2g8EGPhbYOfl1DtlegGOhJ\">https:\/\/lojas.ci.<wbr \/>uc.pt\/uc\/index.php?cPath=28_<wbr \/>450<\/a><\/p>\n","protected":false},"excerpt":{"rendered":"<p>A edi\u00e7\u00e3o deste ano ser\u00e1 dedicada ao tema\u00a0\u201cInova\u00e7\u00e3o e Tecnologias em Educa\u00e7\u00e3o F\u00edsica\u201d, com a presen\u00e7a de dois conferencistas internacionais convidados, o Professor Doutor Albert Batalla, da Universidade de Barcelona e a Professora Doutora Kathrin Bretz, da Universidade de Zurich.<\/p>\n","protected":false},"author":3,"featured_media":2347,"comment_status":"open","ping_status":"open","sticky":false,"template":"","format":"standard","meta":{"footnotes":""},"categories":[57],"tags":[],"post_folder":[],"class_list":["post-2344","post","type-post","status-publish","format-standard","has-post-thumbnail","hentry","category-appefis-eventos"],"_links":{"self":[{"href":"https:\/\/appefis.org\/pt\/wp-json\/wp\/v2\/posts\/2344","targetHints":{"allow":["GET"]}}],"collection":[{"href":"https:\/\/appefis.org\/pt\/wp-json\/wp\/v2\/posts"}],"about":[{"href":"https:\/\/appefis.org\/pt\/wp-json\/wp\/v2\/types\/post"}],"author":[{"embeddable":true,"href":"https:\/\/appefis.org\/pt\/wp-json\/wp\/v2\/users\/3"}],"replies":[{"embeddable":true,"href":"https:\/\/appefis.org\/pt\/wp-json\/wp\/v2\/comments?post=2344"}],"version-history":[{"count":1,"href":"https:\/\/appefis.org\/pt\/wp-json\/wp\/v2\/posts\/2344\/revisions"}],"predecessor-version":[{"id":2346,"href":"https:\/\/appefis.org\/pt\/wp-json\/wp\/v2\/posts\/2344\/revisions\/2346"}],"wp:featuredmedia":[{"embeddable":true,"href":"https:\/\/appefis.org\/pt\/wp-json\/wp\/v2\/media\/2347"}],"wp:attachment":[{"href":"https:\/\/appefis.org\/pt\/wp-json\/wp\/v2\/media?parent=2344"}],"wp:term":[{"taxonomy":"category","embeddable":true,"href":"https:\/\/appefis.org\/pt\/wp-json\/wp\/v2\/categories?post=2344"},{"taxonomy":"post_tag","embeddable":true,"href":"https:\/\/appefis.org\/pt\/wp-json\/wp\/v2\/tags?post=2344"},{"taxonomy":"post_folder","embeddable":true,"href":"https:\/\/appefis.org\/pt\/wp-json\/wp\/v2\/post_folder?post=2344"}],"curies":[{"name":"wp","href":"https:\/\/api.w.org\/{rel}","templated":true}]}}