{"id":2348,"date":"2023-04-26T19:45:26","date_gmt":"2023-04-26T19:45:26","guid":{"rendered":"https:\/\/appefis.org\/pt\/?p=2348"},"modified":"2023-07-25T09:20:43","modified_gmt":"2023-07-25T09:20:43","slug":"formacao-continua-pitch-putt-o-jogo-curto-do-golfe-nivel-introdutorio","status":"publish","type":"post","link":"https:\/\/appefis.org\/pt\/2023\/04\/26\/formacao-continua-pitch-putt-o-jogo-curto-do-golfe-nivel-introdutorio\/","title":{"rendered":"Forma\u00e7\u00e3o Cont\u00ednua- Pitch &#038; Putt: O jogo curto do Golfe \u2013 N\u00edvel Introdut\u00f3rio"},"content":{"rendered":"<p>Foi introduzido\u00a0no Plano de Forma\u00e7\u00e3o da APPEFIS a a\u00e7\u00e3o\u00a0<strong><em>Pitch &amp; Putt: O jogo curto do Golfe \u2013 N\u00edvel Introdut\u00f3rio,\u00a0<\/em><\/strong>\u00a0a realizar de 12\u00a0de maio a 23 de junho de 2023, no Clube de Golfe Quinta das L\u00e1grimas, Coimbra.<\/p>\n<p>Formador: Hugo Esp\u00edrito Santo<\/p>\n<p>Horas: 25<\/p>\n<p>Local:\u00a0Clube de Golfe<strong><em>\u00a0<\/em><\/strong>Quinta das L\u00e1grimas<\/p>\n<p>Localidade: Coimbra<\/p>\n<p>Hor\u00e1rio:<\/p>\n<p>Dia 12 de maio , das 19h15 \u00e0s 21h15<\/p>\n<p>Dia 14 de maio, das 15h00 \u00e0s 20h00<\/p>\n<p>Dia 28 de maio, das 15h00 \u00e0s 20h00<\/p>\n<p>Dia 10 de junho, das 15h00 \u00e0s 20h00<\/p>\n<p>Dia 11 de junho, das 15h00 \u00e0s 20h00<\/p>\n<p>Dia 23 de junho, das 19h15 \u00e0s 22h15<\/p>\n<p>Sess\u00f5es presenciais a 14, 28 de maio, 10 e 11\u00a0 de junho de 2023, no Clube de Golfe da Quinta das L\u00e1grimas, Coimbra.<\/p>\n<p><a href=\"https:\/\/appefis.org\/pt\/wp-content\/uploads\/2023\/04\/Cronograma.pdf\">Cronograma<\/a><\/p>\n<p>Esta a\u00e7\u00e3o de\u00a0forma\u00e7\u00e3o\u00a0releva para efeitos de progress\u00e3o em carreira de Professores dos Grupos 260 e 620.<\/p>\n<p>N\u00famero m\u00e1ximo de participantes: 24 formandos<\/p>\n<p>Data limite de inscri\u00e7\u00f5es: 08 de maio de 2023.<\/p>\n<p>Pre\u00e7o: associados da APPEFIS: 40\u20ac;\u00a0 n\u00e3o associados: 60\u20ac<\/p>\n<p>Anexamos ficha de inscri\u00e7\u00e3o e cronograma da a\u00e7\u00e3o.<\/p>\n<p><a href=\"https:\/\/appefis.org\/pt\/wp-content\/uploads\/2023\/04\/Ficha-inscricao-Pitch-Putt.pdf\">Ficha inscri\u00e7\u00e3o Pitch &amp; Putt<\/a><\/p>\n","protected":false},"excerpt":{"rendered":"<p>Foi introduzido\u00a0no Plano de Forma\u00e7\u00e3o da APPEFIS a a\u00e7\u00e3o\u00a0Pitch &#038; Putt: O jogo curto do Golfe \u2013 N\u00edvel Introdut\u00f3rio,\u00a0\u00a0a realizar de 12\u00a0de maio a 23 de junho de 2023, no Clube de Golfe Quinta das L\u00e1grimas, Coimbra.<\/p>\n","protected":false},"author":3,"featured_media":2349,"comment_status":"open","ping_status":"open","sticky":false,"template":"","format":"standard","meta":{"footnotes":""},"categories":[19],"tags":[],"post_folder":[],"class_list":["post-2348","post","type-post","status-publish","format-standard","has-post-thumbnail","hentry","category-formacao-continua"],"_links":{"self":[{"href":"https:\/\/appefis.org\/pt\/wp-json\/wp\/v2\/posts\/2348","targetHints":{"allow":["GET"]}}],"collection":[{"href":"https:\/\/appefis.org\/pt\/wp-json\/wp\/v2\/posts"}],"about":[{"href":"https:\/\/appefis.org\/pt\/wp-json\/wp\/v2\/types\/post"}],"author":[{"embeddable":true,"href":"https:\/\/appefis.org\/pt\/wp-json\/wp\/v2\/users\/3"}],"replies":[{"embeddable":true,"href":"https:\/\/appefis.org\/pt\/wp-json\/wp\/v2\/comments?post=2348"}],"version-history":[{"count":5,"href":"https:\/\/appefis.org\/pt\/wp-json\/wp\/v2\/posts\/2348\/revisions"}],"predecessor-version":[{"id":2356,"href":"https:\/\/appefis.org\/pt\/wp-json\/wp\/v2\/posts\/2348\/revisions\/2356"}],"wp:featuredmedia":[{"embeddable":true,"href":"https:\/\/appefis.org\/pt\/wp-json\/wp\/v2\/media\/2349"}],"wp:attachment":[{"href":"https:\/\/appefis.org\/pt\/wp-json\/wp\/v2\/media?parent=2348"}],"wp:term":[{"taxonomy":"category","embeddable":true,"href":"https:\/\/appefis.org\/pt\/wp-json\/wp\/v2\/categories?post=2348"},{"taxonomy":"post_tag","embeddable":true,"href":"https:\/\/appefis.org\/pt\/wp-json\/wp\/v2\/tags?post=2348"},{"taxonomy":"post_folder","embeddable":true,"href":"https:\/\/appefis.org\/pt\/wp-json\/wp\/v2\/post_folder?post=2348"}],"curies":[{"name":"wp","href":"https:\/\/api.w.org\/{rel}","templated":true}]}}