{"id":2378,"date":"2023-05-17T18:41:09","date_gmt":"2023-05-17T18:41:09","guid":{"rendered":"https:\/\/appefis.org\/pt\/?p=2378"},"modified":"2024-12-21T11:23:19","modified_gmt":"2024-12-21T11:23:19","slug":"formacao-ccurta-duracao-musicalidade-aprendizagens-ef","status":"publish","type":"post","link":"https:\/\/appefis.org\/pt\/2023\/05\/17\/formacao-ccurta-duracao-musicalidade-aprendizagens-ef\/","title":{"rendered":"Forma\u00e7\u00e3o Curta Dura\u00e7\u00e3o &#8211; Musicalidade nas Aprendizagens em Educa\u00e7\u00e3o F\u00edsica"},"content":{"rendered":"<p><img decoding=\"async\" class=\"lazyload alignnone size-large wp-image-2387\" src=\"https:\/\/appefis.org\/pt\/wp-content\/uploads\/2023\/05\/Cartaz-Musicalidade-724x1024.png\" data-orig-src=\"https:\/\/appefis.org\/pt\/wp-content\/uploads\/2023\/05\/Cartaz-Musicalidade-724x1024.png\" alt=\"\" width=\"724\" height=\"1024\" srcset=\"data:image\/svg+xml,%3Csvg%20xmlns%3D%27http%3A%2F%2Fwww.w3.org%2F2000%2Fsvg%27%20width%3D%27724%27%20height%3D%271024%27%20viewBox%3D%270%200%20724%201024%27%3E%3Crect%20width%3D%27724%27%20height%3D%271024%27%20fill-opacity%3D%220%22%2F%3E%3C%2Fsvg%3E\" data-srcset=\"https:\/\/appefis.org\/pt\/wp-content\/uploads\/2023\/05\/Cartaz-Musicalidade-200x283.png 200w, https:\/\/appefis.org\/pt\/wp-content\/uploads\/2023\/05\/Cartaz-Musicalidade-212x300.png 212w, https:\/\/appefis.org\/pt\/wp-content\/uploads\/2023\/05\/Cartaz-Musicalidade-400x566.png 400w, https:\/\/appefis.org\/pt\/wp-content\/uploads\/2023\/05\/Cartaz-Musicalidade-600x849.png 600w, https:\/\/appefis.org\/pt\/wp-content\/uploads\/2023\/05\/Cartaz-Musicalidade-724x1024.png 724w, https:\/\/appefis.org\/pt\/wp-content\/uploads\/2023\/05\/Cartaz-Musicalidade-768x1086.png 768w, https:\/\/appefis.org\/pt\/wp-content\/uploads\/2023\/05\/Cartaz-Musicalidade-800x1132.png 800w, https:\/\/appefis.org\/pt\/wp-content\/uploads\/2023\/05\/Cartaz-Musicalidade-1086x1536.png 1086w, https:\/\/appefis.org\/pt\/wp-content\/uploads\/2023\/05\/Cartaz-Musicalidade-1200x1698.png 1200w, https:\/\/appefis.org\/pt\/wp-content\/uploads\/2023\/05\/Cartaz-Musicalidade-1448x2048.png 1448w, https:\/\/appefis.org\/pt\/wp-content\/uploads\/2023\/05\/Cartaz-Musicalidade.png 1587w\" data-sizes=\"auto\" data-orig-sizes=\"(max-width: 724px) 100vw, 724px\" \/><\/p>\n<p>&nbsp;<\/p>\n<p>Formador: Jo\u00e3o Santos<\/p>\n<p>Horas: 6<\/p>\n<p>Local: Est\u00e1dio Universit\u00e1rio de Coimbra<\/p>\n<p>Localidade: Coimbra<\/p>\n<p>Hor\u00e1rio:<\/p>\n<p><strong>Dia 1 de julho , das 9h30 &#8211; 12h30 \/ 14h -17h<\/strong><\/p>\n<p>&nbsp;<\/p>\n<p>Data limite de inscri\u00e7\u00f5es: 26 de junho de 2023.<\/p>\n<p>Pre\u00e7o: associados da APPEFIS: 10\u20ac;\u00a0 n\u00e3o associados: 25\u20ac<\/p>\n<p>Anexamos ficha de inscri\u00e7\u00e3o:<\/p>\n<p><a href=\"https:\/\/appefis.org\/pt\/wp-content\/uploads\/2023\/05\/Ficha-inscricao-Musicalidade-nas-Aprendizagens-em-Educacao-Fisica.pdf\">Ficha inscri\u00e7\u00e3o Musicalidade nas Aprendizagens em Educa\u00e7\u00e3o F\u00edsica<\/a><\/p>\n<p>&nbsp;<\/p>\n","protected":false},"excerpt":{"rendered":"<p>&nbsp; Formador: Jo\u00e3o Santos Horas: 6 Local: Est\u00e1dio Universit\u00e1rio de Coimbra Localidade: Coimbra Hor\u00e1rio: Dia 1 de julho , das 9h30 &#8211; 12h30 \/ 14h -17h &nbsp; Data limite de inscri\u00e7\u00f5es: 26 de junho de [&hellip;]<\/p>\n","protected":false},"author":3,"featured_media":2395,"comment_status":"open","ping_status":"open","sticky":false,"template":"","format":"standard","meta":{"footnotes":""},"categories":[19],"tags":[],"post_folder":[],"class_list":["post-2378","post","type-post","status-publish","format-standard","has-post-thumbnail","hentry","category-formacao-continua"],"_links":{"self":[{"href":"https:\/\/appefis.org\/pt\/wp-json\/wp\/v2\/posts\/2378","targetHints":{"allow":["GET"]}}],"collection":[{"href":"https:\/\/appefis.org\/pt\/wp-json\/wp\/v2\/posts"}],"about":[{"href":"https:\/\/appefis.org\/pt\/wp-json\/wp\/v2\/types\/post"}],"author":[{"embeddable":true,"href":"https:\/\/appefis.org\/pt\/wp-json\/wp\/v2\/users\/3"}],"replies":[{"embeddable":true,"href":"https:\/\/appefis.org\/pt\/wp-json\/wp\/v2\/comments?post=2378"}],"version-history":[{"count":6,"href":"https:\/\/appefis.org\/pt\/wp-json\/wp\/v2\/posts\/2378\/revisions"}],"predecessor-version":[{"id":2397,"href":"https:\/\/appefis.org\/pt\/wp-json\/wp\/v2\/posts\/2378\/revisions\/2397"}],"wp:featuredmedia":[{"embeddable":true,"href":"https:\/\/appefis.org\/pt\/wp-json\/wp\/v2\/media\/2395"}],"wp:attachment":[{"href":"https:\/\/appefis.org\/pt\/wp-json\/wp\/v2\/media?parent=2378"}],"wp:term":[{"taxonomy":"category","embeddable":true,"href":"https:\/\/appefis.org\/pt\/wp-json\/wp\/v2\/categories?post=2378"},{"taxonomy":"post_tag","embeddable":true,"href":"https:\/\/appefis.org\/pt\/wp-json\/wp\/v2\/tags?post=2378"},{"taxonomy":"post_folder","embeddable":true,"href":"https:\/\/appefis.org\/pt\/wp-json\/wp\/v2\/post_folder?post=2378"}],"curies":[{"name":"wp","href":"https:\/\/api.w.org\/{rel}","templated":true}]}}