{"id":2390,"date":"2023-06-26T20:22:28","date_gmt":"2023-06-26T20:22:28","guid":{"rendered":"https:\/\/appefis.org\/pt\/?p=2390"},"modified":"2024-12-21T11:23:41","modified_gmt":"2024-12-21T11:23:41","slug":"formacao-corfebol","status":"publish","type":"post","link":"https:\/\/appefis.org\/pt\/2023\/06\/26\/formacao-corfebol\/","title":{"rendered":"Forma\u00e7\u00e3o Cont\u00ednua &#8211; O Corfebol na Escola"},"content":{"rendered":"<p style=\"font-weight: 400;\">Formador:\u00a0Jorge Manuel Alves<\/p>\n<p style=\"font-weight: 400;\">Horas: 25<\/p>\n<p style=\"font-weight: 400;\">Local: Pavilh\u00e3o Municipal<\/p>\n<p style=\"font-weight: 400;\">Localidade: Montemor-o-Velho<\/p>\n<p style=\"font-weight: 400;\">Hor\u00e1rio:<\/p>\n<p style=\"font-weight: 400;\">Dia 07 de julho , das 14h00 \u00e0s 18h00<\/p>\n<p style=\"font-weight: 400;\">Dia 08 de julho, das 09h00 \u00e0s 13h00 e das 14h00 \u00e0s 17h00<\/p>\n<p style=\"font-weight: 400;\">Dia 14 de julho, das\u00a014h00 \u00e0s 18h00<\/p>\n<p style=\"font-weight: 400;\">Dia 15 de julho,\u00a0das 09h00 \u00e0s 13h00 e das 14h00 \u00e0s 17h00<\/p>\n<p style=\"font-weight: 400;\">Esta a\u00e7\u00e3o de\u00a0forma\u00e7\u00e3o\u00a0releva para efeitos de progress\u00e3o em carreira de Professores dos Grupos 260 e 620.<\/p>\n<p style=\"font-weight: 400;\">N\u00famero m\u00e1ximo de participantes: 22 formandos<\/p>\n<p style=\"font-weight: 400;\">Data limite de inscri\u00e7\u00f5es: 04 de julho de 2023.<\/p>\n<p style=\"font-weight: 400;\">Pre\u00e7o: associados da APPEFIS: 30\u20ac;\u00a0 n\u00e3o associados: 45\u20ac<\/p>\n<p style=\"font-weight: 400;\">Anexamos ficha de inscri\u00e7\u00e3o:<\/p>\n<p><a href=\"https:\/\/appefis.org\/pt\/wp-content\/uploads\/2023\/06\/Ficha-inscricao-Corfebol.pdf\">Ficha inscri\u00e7\u00e3o Corfebol<\/a><\/p>\n","protected":false},"excerpt":{"rendered":"<p>Formador:\u00a0Jorge Manuel Alves Horas: 25 Local: Pavilh\u00e3o Municipal Localidade: Montemor-o-Velho Hor\u00e1rio: Dia 07 de julho , das 14h00 \u00e0s 18h00 Dia 08 de julho, das 09h00 \u00e0s 13h00 e das 14h00 \u00e0s 17h00 Dia 14 [&hellip;]<\/p>\n","protected":false},"author":3,"featured_media":2406,"comment_status":"open","ping_status":"open","sticky":false,"template":"","format":"standard","meta":{"footnotes":""},"categories":[19],"tags":[66],"post_folder":[],"class_list":["post-2390","post","type-post","status-publish","format-standard","has-post-thumbnail","hentry","category-formacao-continua","tag-corfebol"],"_links":{"self":[{"href":"https:\/\/appefis.org\/pt\/wp-json\/wp\/v2\/posts\/2390","targetHints":{"allow":["GET"]}}],"collection":[{"href":"https:\/\/appefis.org\/pt\/wp-json\/wp\/v2\/posts"}],"about":[{"href":"https:\/\/appefis.org\/pt\/wp-json\/wp\/v2\/types\/post"}],"author":[{"embeddable":true,"href":"https:\/\/appefis.org\/pt\/wp-json\/wp\/v2\/users\/3"}],"replies":[{"embeddable":true,"href":"https:\/\/appefis.org\/pt\/wp-json\/wp\/v2\/comments?post=2390"}],"version-history":[{"count":3,"href":"https:\/\/appefis.org\/pt\/wp-json\/wp\/v2\/posts\/2390\/revisions"}],"predecessor-version":[{"id":2398,"href":"https:\/\/appefis.org\/pt\/wp-json\/wp\/v2\/posts\/2390\/revisions\/2398"}],"wp:featuredmedia":[{"embeddable":true,"href":"https:\/\/appefis.org\/pt\/wp-json\/wp\/v2\/media\/2406"}],"wp:attachment":[{"href":"https:\/\/appefis.org\/pt\/wp-json\/wp\/v2\/media?parent=2390"}],"wp:term":[{"taxonomy":"category","embeddable":true,"href":"https:\/\/appefis.org\/pt\/wp-json\/wp\/v2\/categories?post=2390"},{"taxonomy":"post_tag","embeddable":true,"href":"https:\/\/appefis.org\/pt\/wp-json\/wp\/v2\/tags?post=2390"},{"taxonomy":"post_folder","embeddable":true,"href":"https:\/\/appefis.org\/pt\/wp-json\/wp\/v2\/post_folder?post=2390"}],"curies":[{"name":"wp","href":"https:\/\/api.w.org\/{rel}","templated":true}]}}