{"id":2402,"date":"2023-07-05T17:56:10","date_gmt":"2023-07-05T17:56:10","guid":{"rendered":"https:\/\/appefis.org\/pt\/?p=2402"},"modified":"2024-12-21T11:22:57","modified_gmt":"2024-12-21T11:22:57","slug":"formacao-continua-escalada","status":"publish","type":"post","link":"https:\/\/appefis.org\/pt\/2023\/07\/05\/formacao-continua-escalada\/","title":{"rendered":"Forma\u00e7\u00e3o Cont\u00ednua &#8211; O Ensino da Escalada no Desporto Escolar e Educa\u00e7\u00e3o F\u00edsica"},"content":{"rendered":"<h3 style=\"font-weight: 400;\"><strong>Formador:\u00a0Alberto Cruz<\/strong><\/h3>\n<p style=\"font-weight: 400;\">Horas: 25<\/p>\n<p style=\"font-weight: 400;\">Local: Pavilh\u00e3o da Escola B\u00e1sica de Soure (a a\u00e7\u00e3o ter\u00e1 componente indoor e componente outdoor)<\/p>\n<p style=\"font-weight: 400;\">Localidade: Soure<\/p>\n<p style=\"font-weight: 400;\">Hor\u00e1rio:<\/p>\n<h5 style=\"font-weight: 400;\">Dia 25 de julho , das 09h00 \u00e0s 13h00 e das 14h00 \u00e0s 17h00<\/h5>\n<h5 style=\"font-weight: 400;\">Dia 26 de julho, das 09h00 \u00e0s 13h00 e das 14h00 \u00e0s 17h30<\/h5>\n<h5 style=\"font-weight: 400;\">Dia 27 de julho, das 09h00 \u00e0s 13h00 e das 14h00 \u00e0s 17h30<\/h5>\n<p style=\"font-weight: 400;\">Esta a\u00e7\u00e3o de\u00a0forma\u00e7\u00e3o\u00a0releva para efeitos de progress\u00e3o em carreira de Professores dos Grupos 260 e 620.<\/p>\n<p style=\"font-weight: 400;\">N\u00famero m\u00e1ximo de participantes: 22 formandos<\/p>\n<h5 style=\"font-weight: 400;\">Data limite de inscri\u00e7\u00f5es: 19 de julho de 2023.<\/h5>\n<p style=\"font-weight: 400;\">Pre\u00e7o: associados da APPEFIS: 42,50\u20ac;\u00a0 n\u00e3o associados: 60\u20ac<\/p>\n<h5><strong>CLICAR em Baixo para fazer o Download:<\/strong><\/h5>\n<p><a href=\"https:\/\/appefis.org\/pt\/wp-content\/uploads\/2023\/07\/Ficha-inscricao-Escalada.pdf\">Ficha inscri\u00e7\u00e3o Escalada<\/a><\/p>\n","protected":false},"excerpt":{"rendered":"<p>Formador:\u00a0Alberto Cruz Horas: 25 Local: Pavilh\u00e3o da Escola B\u00e1sica de Soure (a a\u00e7\u00e3o ter\u00e1 componente indoor e componente outdoor) Localidade: Soure Hor\u00e1rio: Dia 25 de julho , das 09h00 \u00e0s 13h00 e das 14h00 \u00e0s [&hellip;]<\/p>\n","protected":false},"author":3,"featured_media":2405,"comment_status":"open","ping_status":"open","sticky":false,"template":"","format":"standard","meta":{"footnotes":""},"categories":[19],"tags":[65],"post_folder":[],"class_list":["post-2402","post","type-post","status-publish","format-standard","has-post-thumbnail","hentry","category-formacao-continua","tag-escalada"],"_links":{"self":[{"href":"https:\/\/appefis.org\/pt\/wp-json\/wp\/v2\/posts\/2402","targetHints":{"allow":["GET"]}}],"collection":[{"href":"https:\/\/appefis.org\/pt\/wp-json\/wp\/v2\/posts"}],"about":[{"href":"https:\/\/appefis.org\/pt\/wp-json\/wp\/v2\/types\/post"}],"author":[{"embeddable":true,"href":"https:\/\/appefis.org\/pt\/wp-json\/wp\/v2\/users\/3"}],"replies":[{"embeddable":true,"href":"https:\/\/appefis.org\/pt\/wp-json\/wp\/v2\/comments?post=2402"}],"version-history":[{"count":4,"href":"https:\/\/appefis.org\/pt\/wp-json\/wp\/v2\/posts\/2402\/revisions"}],"predecessor-version":[{"id":2409,"href":"https:\/\/appefis.org\/pt\/wp-json\/wp\/v2\/posts\/2402\/revisions\/2409"}],"wp:featuredmedia":[{"embeddable":true,"href":"https:\/\/appefis.org\/pt\/wp-json\/wp\/v2\/media\/2405"}],"wp:attachment":[{"href":"https:\/\/appefis.org\/pt\/wp-json\/wp\/v2\/media?parent=2402"}],"wp:term":[{"taxonomy":"category","embeddable":true,"href":"https:\/\/appefis.org\/pt\/wp-json\/wp\/v2\/categories?post=2402"},{"taxonomy":"post_tag","embeddable":true,"href":"https:\/\/appefis.org\/pt\/wp-json\/wp\/v2\/tags?post=2402"},{"taxonomy":"post_folder","embeddable":true,"href":"https:\/\/appefis.org\/pt\/wp-json\/wp\/v2\/post_folder?post=2402"}],"curies":[{"name":"wp","href":"https:\/\/api.w.org\/{rel}","templated":true}]}}