{"id":2534,"date":"2023-10-12T17:43:36","date_gmt":"2023-10-12T17:43:36","guid":{"rendered":"https:\/\/appefis.org\/pt\/?p=2534"},"modified":"2024-12-21T11:17:47","modified_gmt":"2024-12-21T11:17:47","slug":"bicicletas_na_escola","status":"publish","type":"post","link":"https:\/\/appefis.org\/pt\/2023\/10\/12\/bicicletas_na_escola\/","title":{"rendered":"Forma\u00e7\u00e3o: Bicicleta na escola: do &#8220;Problema&#8221; \u00e0 oportunidade"},"content":{"rendered":"<p><img decoding=\"async\" class=\"lazyload alignnone size-large wp-image-2536\" src=\"https:\/\/appefis.org\/pt\/wp-content\/uploads\/2023\/10\/bike_na_escola-1-1024x576.jpg\" data-orig-src=\"https:\/\/appefis.org\/pt\/wp-content\/uploads\/2023\/10\/bike_na_escola-1-1024x576.jpg\" alt=\"\" width=\"1024\" height=\"576\" srcset=\"data:image\/svg+xml,%3Csvg%20xmlns%3D%27http%3A%2F%2Fwww.w3.org%2F2000%2Fsvg%27%20width%3D%271024%27%20height%3D%27576%27%20viewBox%3D%270%200%201024%20576%27%3E%3Crect%20width%3D%271024%27%20height%3D%27576%27%20fill-opacity%3D%220%22%2F%3E%3C%2Fsvg%3E\" data-srcset=\"https:\/\/appefis.org\/pt\/wp-content\/uploads\/2023\/10\/bike_na_escola-1-200x113.jpg 200w, https:\/\/appefis.org\/pt\/wp-content\/uploads\/2023\/10\/bike_na_escola-1-300x169.jpg 300w, https:\/\/appefis.org\/pt\/wp-content\/uploads\/2023\/10\/bike_na_escola-1-400x225.jpg 400w, https:\/\/appefis.org\/pt\/wp-content\/uploads\/2023\/10\/bike_na_escola-1-600x338.jpg 600w, https:\/\/appefis.org\/pt\/wp-content\/uploads\/2023\/10\/bike_na_escola-1-768x432.jpg 768w, https:\/\/appefis.org\/pt\/wp-content\/uploads\/2023\/10\/bike_na_escola-1-800x450.jpg 800w, https:\/\/appefis.org\/pt\/wp-content\/uploads\/2023\/10\/bike_na_escola-1-1024x576.jpg 1024w, https:\/\/appefis.org\/pt\/wp-content\/uploads\/2023\/10\/bike_na_escola-1.jpg 1093w\" data-sizes=\"auto\" data-orig-sizes=\"(max-width: 1024px) 100vw, 1024px\" \/><\/p>\n<p style=\"font-weight: 400;\">Formador: M\u00e1rio Pereira<\/p>\n<p style=\"font-weight: 400;\">Horas: 25<\/p>\n<p style=\"font-weight: 400;\">Local: Escola B\u00e1sica 2,3 Eug\u00e9nio de Castro<\/p>\n<p style=\"font-weight: 400;\">Localidade: Coimbra<\/p>\n<p style=\"font-weight: 400;\">Sess\u00f5es presenciais\u00a0nos dias\u00a0<strong>04 de novembro\u00a0<\/strong>(manh\u00e3 e tarde),\u00a0<strong>11 de novembro\u00a0<\/strong>(manh\u00e3 e tarde) e 18 de novembro\u00a0de 2023<strong>\u00a0<\/strong>(manh\u00e3).<\/p>\n<p style=\"font-weight: 400;\">Sess\u00e3o online:\u00a0<strong>16 de dezembro<\/strong>\u00a0de 2023<\/p>\n<p style=\"font-weight: 400;\">Objetivos da a\u00e7\u00e3o:<\/p>\n<p style=\"font-weight: 400;\">\u00a0 * Conhecer,\u00a0 identificar e sequencializar as etapas de aprendizagem do ensino da habilidade do equil\u00edbrio associado ao andar de bicicleta, bem como regras de seguran\u00e7a associadas a cada etapa da aprendizagem.<br \/>\n* Conhecer e adequar o desenho e habilidades de gincanas em bicicleta adaptadas para contexto escolar.<br \/>\n* Conhecer, identificar e operacionalizar o uso e os contextos da utiliza\u00e7\u00e3o da bicicleta nos diversos contextos (Preven\u00e7\u00e3o Rodovi\u00e1ria, Utiliza\u00e7\u00e3o em contexto de Desportos de Natureza, outros).<br \/>\n* Conhecer, identificar pe\u00e7as e partes fundamentais da bicicleta, bem como proceder \u00e0 sua manuten\u00e7\u00e3o e verifica\u00e7\u00e3o de seguran\u00e7a<\/p>\n<p style=\"font-weight: 400;\">Esta a\u00e7\u00e3o de\u00a0forma\u00e7\u00e3o\u00a0releva para efeitos de progress\u00e3o em carreira de Professores dos Grupos 260 e 620<\/p>\n<p style=\"font-weight: 400;\">N\u00famero m\u00e1ximo de inscri\u00e7\u00f5es: 22 formandos<\/p>\n<p style=\"font-weight: 400;\">Data limite de inscri\u00e7\u00e3o: 29 de outubro de 2023<\/p>\n<p style=\"font-weight: 400;\">Pre\u00e7o: associados da APPEFIS: 42,50\u20ac;\u00a0 n\u00e3o associados: 60\u20ac<\/p>\n<h5><a href=\"https:\/\/appefis.org\/pt\/wp-content\/uploads\/2023\/10\/Ficha-inscricao-Bicicletas-na-escola.pdf\">Download da Ficha inscri\u00e7\u00e3o: Bicicletas na escola<\/a><\/h5>\n<p>.<\/p>\n","protected":false},"excerpt":{"rendered":"<p>Formador: M\u00e1rio Pereira Horas: 25 Local: Escola B\u00e1sica 2,3 Eug\u00e9nio de Castro Localidade: Coimbra Sess\u00f5es presenciais\u00a0nos dias\u00a004 de novembro\u00a0(manh\u00e3 e tarde),\u00a011 de novembro\u00a0(manh\u00e3 e tarde) e 18 de novembro\u00a0de 2023\u00a0(manh\u00e3). Sess\u00e3o online:\u00a016 de dezembro\u00a0de 2023 [&hellip;]<\/p>\n","protected":false},"author":3,"featured_media":2536,"comment_status":"open","ping_status":"open","sticky":false,"template":"","format":"standard","meta":{"footnotes":""},"categories":[19],"tags":[74],"post_folder":[],"class_list":["post-2534","post","type-post","status-publish","format-standard","has-post-thumbnail","hentry","category-formacao-continua","tag-bicicleta"],"_links":{"self":[{"href":"https:\/\/appefis.org\/pt\/wp-json\/wp\/v2\/posts\/2534","targetHints":{"allow":["GET"]}}],"collection":[{"href":"https:\/\/appefis.org\/pt\/wp-json\/wp\/v2\/posts"}],"about":[{"href":"https:\/\/appefis.org\/pt\/wp-json\/wp\/v2\/types\/post"}],"author":[{"embeddable":true,"href":"https:\/\/appefis.org\/pt\/wp-json\/wp\/v2\/users\/3"}],"replies":[{"embeddable":true,"href":"https:\/\/appefis.org\/pt\/wp-json\/wp\/v2\/comments?post=2534"}],"version-history":[{"count":4,"href":"https:\/\/appefis.org\/pt\/wp-json\/wp\/v2\/posts\/2534\/revisions"}],"predecessor-version":[{"id":2541,"href":"https:\/\/appefis.org\/pt\/wp-json\/wp\/v2\/posts\/2534\/revisions\/2541"}],"wp:featuredmedia":[{"embeddable":true,"href":"https:\/\/appefis.org\/pt\/wp-json\/wp\/v2\/media\/2536"}],"wp:attachment":[{"href":"https:\/\/appefis.org\/pt\/wp-json\/wp\/v2\/media?parent=2534"}],"wp:term":[{"taxonomy":"category","embeddable":true,"href":"https:\/\/appefis.org\/pt\/wp-json\/wp\/v2\/categories?post=2534"},{"taxonomy":"post_tag","embeddable":true,"href":"https:\/\/appefis.org\/pt\/wp-json\/wp\/v2\/tags?post=2534"},{"taxonomy":"post_folder","embeddable":true,"href":"https:\/\/appefis.org\/pt\/wp-json\/wp\/v2\/post_folder?post=2534"}],"curies":[{"name":"wp","href":"https:\/\/api.w.org\/{rel}","templated":true}]}}