{"id":2621,"date":"2024-07-26T08:59:47","date_gmt":"2024-07-26T08:59:47","guid":{"rendered":"https:\/\/appefis.org\/pt\/?p=2621"},"modified":"2024-12-21T11:15:29","modified_gmt":"2024-12-21T11:15:29","slug":"formacao-voleibol_na_escola","status":"publish","type":"post","link":"https:\/\/appefis.org\/pt\/2024\/07\/26\/formacao-voleibol_na_escola\/","title":{"rendered":"Forma\u00e7\u00e3o Cont\u00ednua &#8211; Voleibol na escola \u2013 dos jogos reduzidos e condicionados ao jogo formal"},"content":{"rendered":"<h5><img decoding=\"async\" class=\"lazyload alignnone wp-image-2623 size-large\" src=\"https:\/\/appefis.org\/pt\/wp-content\/uploads\/2024\/07\/APPEFIS-Formacao-Continua-Voleibol-1-1024x576.jpg\" data-orig-src=\"https:\/\/appefis.org\/pt\/wp-content\/uploads\/2024\/07\/APPEFIS-Formacao-Continua-Voleibol-1-1024x576.jpg\" alt=\"\" width=\"1024\" height=\"576\" srcset=\"data:image\/svg+xml,%3Csvg%20xmlns%3D%27http%3A%2F%2Fwww.w3.org%2F2000%2Fsvg%27%20width%3D%271024%27%20height%3D%27576%27%20viewBox%3D%270%200%201024%20576%27%3E%3Crect%20width%3D%271024%27%20height%3D%27576%27%20fill-opacity%3D%220%22%2F%3E%3C%2Fsvg%3E\" data-srcset=\"https:\/\/appefis.org\/pt\/wp-content\/uploads\/2024\/07\/APPEFIS-Formacao-Continua-Voleibol-1-200x113.jpg 200w, https:\/\/appefis.org\/pt\/wp-content\/uploads\/2024\/07\/APPEFIS-Formacao-Continua-Voleibol-1-300x169.jpg 300w, https:\/\/appefis.org\/pt\/wp-content\/uploads\/2024\/07\/APPEFIS-Formacao-Continua-Voleibol-1-400x225.jpg 400w, https:\/\/appefis.org\/pt\/wp-content\/uploads\/2024\/07\/APPEFIS-Formacao-Continua-Voleibol-1-600x338.jpg 600w, https:\/\/appefis.org\/pt\/wp-content\/uploads\/2024\/07\/APPEFIS-Formacao-Continua-Voleibol-1-768x432.jpg 768w, https:\/\/appefis.org\/pt\/wp-content\/uploads\/2024\/07\/APPEFIS-Formacao-Continua-Voleibol-1-800x450.jpg 800w, https:\/\/appefis.org\/pt\/wp-content\/uploads\/2024\/07\/APPEFIS-Formacao-Continua-Voleibol-1-1024x576.jpg 1024w, https:\/\/appefis.org\/pt\/wp-content\/uploads\/2024\/07\/APPEFIS-Formacao-Continua-Voleibol-1-1200x675.jpg 1200w, https:\/\/appefis.org\/pt\/wp-content\/uploads\/2024\/07\/APPEFIS-Formacao-Continua-Voleibol-1-1536x864.jpg 1536w, https:\/\/appefis.org\/pt\/wp-content\/uploads\/2024\/07\/APPEFIS-Formacao-Continua-Voleibol-1.jpg 1920w\" data-sizes=\"auto\" data-orig-sizes=\"(max-width: 1024px) 100vw, 1024px\" \/><\/h5>\n<p>Foi introduzido\u00a0no Plano de Forma\u00e7\u00e3o da\u00a0APPEFIS\u00a0a a\u00e7\u00e3o<strong>\u00a0<\/strong><em>Voleibol na escola \u2013 dos jogos reduzidos e condicionados ao jogo formal<\/em>\u00a0<strong><em>,\u00a0<\/em><\/strong>a realizar nos dias\u00a027, 28\u00a0de junho e 01 de julho de 2024, em Coimbra.<\/p>\n<p style=\"font-weight: 400;\">Formador:\u00a0Ant\u00f3nio Carlos Gomes<\/p>\n<p style=\"font-weight: 400;\">Horas: 25<\/p>\n<p style=\"font-weight: 400;\">Localidade: Coimbra<\/p>\n<p style=\"font-weight: 400;\">Local:\u00a0 A designar<\/p>\n<p style=\"font-weight: 400;\">Hor\u00e1rio:<\/p>\n<p style=\"font-weight: 400;\">Dia 27 de junho, quinta-feira, das 09h00 \u00e0s 18h00<\/p>\n<p style=\"font-weight: 400;\">Dia 28 de junho,\u00a0sexta-feira,\u00a0das 09h00 \u00e0s 18h00<\/p>\n<p style=\"font-weight: 400;\">Dia 01 de julho, segunda-feira, das\u00a009h00 \u00e0s 18h00<\/p>\n<p style=\"font-weight: 400;\">Esta a\u00e7\u00e3o de\u00a0forma\u00e7\u00e3o\u00a0releva para efeitos de progress\u00e3o\u00a0em carreira\u00a0de Professores dos Grupos 260 e 620.<\/p>\n<p style=\"font-weight: 400;\">N\u00famero m\u00e1ximo de participantes: 22 formandos<\/p>\n<p style=\"font-weight: 400;\">Crit\u00e9rios de Sele\u00e7\u00e3o: 1.\u00ba Docente de Educa\u00e7\u00e3o F\u00edsica e associado da\u00a0APPEFIS<strong>;\u00a0<\/strong>2\u00ba Docente\u00a0de Educa\u00e7\u00e3o F\u00edsica e associado\u00a0de outra APEF; 3\u00ba Outros docentes de Educa\u00e7\u00e3o F\u00edsica<\/p>\n<p style=\"font-weight: 400;\">Data limite de inscri\u00e7\u00f5es: 19 de junho de 2024.<\/p>\n<p style=\"font-weight: 400;\">Pre\u00e7o:<\/p>\n<p style=\"font-weight: 400;\">Associados da\u00a0APPEFIS: 35\u20ac;<\/p>\n<p style=\"font-weight: 400;\">N\u00e3o associados: 55\u20ac<\/p>\n<p style=\"font-weight: 400;\">Anexamos ficha de inscri\u00e7\u00e3o:<a href=\"https:\/\/appefis.org\/pt\/wp-content\/uploads\/2024\/07\/Ficha-inscricao-Voleibol.pdf\"> Ficha inscri\u00e7\u00e3o Voleibol<\/a><\/p>\n<p>.<\/p>\n","protected":false},"excerpt":{"rendered":"<p>Foi introduzido\u00a0no Plano de Forma\u00e7\u00e3o da\u00a0APPEFIS\u00a0a a\u00e7\u00e3o\u00a0Voleibol na escola \u2013 dos jogos reduzidos e condicionados ao jogo formal\u00a0,\u00a0a realizar nos dias\u00a027, 28\u00a0de junho e 01 de julho de 2024, em Coimbra. Formador:\u00a0Ant\u00f3nio Carlos Gomes Horas: [&hellip;]<\/p>\n","protected":false},"author":3,"featured_media":2623,"comment_status":"open","ping_status":"open","sticky":false,"template":"","format":"standard","meta":{"footnotes":""},"categories":[19],"tags":[89,92,93,94,91,90],"post_folder":[],"class_list":["post-2621","post","type-post","status-publish","format-standard","has-post-thumbnail","hentry","category-formacao-continua","tag-antonio-gomes","tag-jogo","tag-jogo-condicionado","tag-jogo-formal","tag-jogos-reduzidos","tag-voleibol"],"_links":{"self":[{"href":"https:\/\/appefis.org\/pt\/wp-json\/wp\/v2\/posts\/2621","targetHints":{"allow":["GET"]}}],"collection":[{"href":"https:\/\/appefis.org\/pt\/wp-json\/wp\/v2\/posts"}],"about":[{"href":"https:\/\/appefis.org\/pt\/wp-json\/wp\/v2\/types\/post"}],"author":[{"embeddable":true,"href":"https:\/\/appefis.org\/pt\/wp-json\/wp\/v2\/users\/3"}],"replies":[{"embeddable":true,"href":"https:\/\/appefis.org\/pt\/wp-json\/wp\/v2\/comments?post=2621"}],"version-history":[{"count":1,"href":"https:\/\/appefis.org\/pt\/wp-json\/wp\/v2\/posts\/2621\/revisions"}],"predecessor-version":[{"id":2624,"href":"https:\/\/appefis.org\/pt\/wp-json\/wp\/v2\/posts\/2621\/revisions\/2624"}],"wp:featuredmedia":[{"embeddable":true,"href":"https:\/\/appefis.org\/pt\/wp-json\/wp\/v2\/media\/2623"}],"wp:attachment":[{"href":"https:\/\/appefis.org\/pt\/wp-json\/wp\/v2\/media?parent=2621"}],"wp:term":[{"taxonomy":"category","embeddable":true,"href":"https:\/\/appefis.org\/pt\/wp-json\/wp\/v2\/categories?post=2621"},{"taxonomy":"post_tag","embeddable":true,"href":"https:\/\/appefis.org\/pt\/wp-json\/wp\/v2\/tags?post=2621"},{"taxonomy":"post_folder","embeddable":true,"href":"https:\/\/appefis.org\/pt\/wp-json\/wp\/v2\/post_folder?post=2621"}],"curies":[{"name":"wp","href":"https:\/\/api.w.org\/{rel}","templated":true}]}}