{"id":2627,"date":"2024-07-26T09:39:08","date_gmt":"2024-07-26T09:39:08","guid":{"rendered":"https:\/\/appefis.org\/pt\/?p=2627"},"modified":"2024-12-21T11:15:11","modified_gmt":"2024-12-21T11:15:11","slug":"formacao-continua-pitch_putt","status":"publish","type":"post","link":"https:\/\/appefis.org\/pt\/2024\/07\/26\/formacao-continua-pitch_putt\/","title":{"rendered":"Forma\u00e7\u00e3o Cont\u00ednua &#8211; Pitch &#038; Putt: O jogo curto do Golfe \u2013 N\u00edvel Introdut\u00f3rio"},"content":{"rendered":"<h5><img decoding=\"async\" class=\"lazyload alignnone wp-image-2628 size-large\" src=\"https:\/\/appefis.org\/pt\/wp-content\/uploads\/2024\/07\/APPEFIS-Formacao-Continua-Pitch-Putt-1-1024x576.jpg\" data-orig-src=\"https:\/\/appefis.org\/pt\/wp-content\/uploads\/2024\/07\/APPEFIS-Formacao-Continua-Pitch-Putt-1-1024x576.jpg\" alt=\"\" width=\"1024\" height=\"576\" srcset=\"data:image\/svg+xml,%3Csvg%20xmlns%3D%27http%3A%2F%2Fwww.w3.org%2F2000%2Fsvg%27%20width%3D%271024%27%20height%3D%27576%27%20viewBox%3D%270%200%201024%20576%27%3E%3Crect%20width%3D%271024%27%20height%3D%27576%27%20fill-opacity%3D%220%22%2F%3E%3C%2Fsvg%3E\" data-srcset=\"https:\/\/appefis.org\/pt\/wp-content\/uploads\/2024\/07\/APPEFIS-Formacao-Continua-Pitch-Putt-1-200x113.jpg 200w, https:\/\/appefis.org\/pt\/wp-content\/uploads\/2024\/07\/APPEFIS-Formacao-Continua-Pitch-Putt-1-300x169.jpg 300w, https:\/\/appefis.org\/pt\/wp-content\/uploads\/2024\/07\/APPEFIS-Formacao-Continua-Pitch-Putt-1-400x225.jpg 400w, https:\/\/appefis.org\/pt\/wp-content\/uploads\/2024\/07\/APPEFIS-Formacao-Continua-Pitch-Putt-1-600x338.jpg 600w, https:\/\/appefis.org\/pt\/wp-content\/uploads\/2024\/07\/APPEFIS-Formacao-Continua-Pitch-Putt-1-768x432.jpg 768w, https:\/\/appefis.org\/pt\/wp-content\/uploads\/2024\/07\/APPEFIS-Formacao-Continua-Pitch-Putt-1-800x450.jpg 800w, https:\/\/appefis.org\/pt\/wp-content\/uploads\/2024\/07\/APPEFIS-Formacao-Continua-Pitch-Putt-1-1024x576.jpg 1024w, https:\/\/appefis.org\/pt\/wp-content\/uploads\/2024\/07\/APPEFIS-Formacao-Continua-Pitch-Putt-1-1200x675.jpg 1200w, https:\/\/appefis.org\/pt\/wp-content\/uploads\/2024\/07\/APPEFIS-Formacao-Continua-Pitch-Putt-1-1536x864.jpg 1536w, https:\/\/appefis.org\/pt\/wp-content\/uploads\/2024\/07\/APPEFIS-Formacao-Continua-Pitch-Putt-1.jpg 1920w\" data-sizes=\"auto\" data-orig-sizes=\"(max-width: 1024px) 100vw, 1024px\" \/><\/h5>\n<p><span style=\"font-weight: 400;\">Foi introduzido\u00a0no Plano de Forma\u00e7\u00e3o da\u00a0APPEFIS\u00a0a a\u00e7\u00e3o<strong>\u00a0<\/strong><\/span><span style=\"font-weight: 400;\">Pitch &amp; Putt: O jogo curto do Golfe \u2013 N\u00edvel Introdut\u00f3rio<strong><em>,\u00a0<\/em><\/strong><\/span>a realizar nos dias 17, 18, 20, 21 e 22 de julho\u00a02024, em Coimbra.<\/p>\n<p>Formador:\u00a0Hugo Esp\u00edrito Santo<\/p>\n<p>Horas: 25<\/p>\n<p>Localidade: Coimbra<\/p>\n<p>Local:\u00a0\u00a0Clube de Golfe<strong><em>\u00a0<\/em><\/strong>Quinta das L\u00e1grimas<\/p>\n<p>Hor\u00e1rio:<\/p>\n<p>17 de julho, quarta- feira, das 20h30 \u00e0s 22h30 (online)<\/p>\n<p>18 de julho, quinta- feira, das 9h00 \u00e0s 13h00 e das 15h00\u00a0\u00e0s 19h00<\/p>\n<p>20 de julho, s\u00e1bado, das 9h00 \u00e0s 13h00 e das 15h00 \u00e0s 20h00<\/p>\n<p>21 de julho, domingo, das 15h00 \u00e0s 19h00<\/p>\n<p>22 de julho, segunda-feira das 20h30 \u00e0s 22h30 (online)<\/p>\n<p>Esta a\u00e7\u00e3o de\u00a0forma\u00e7\u00e3o\u00a0releva para efeitos de progress\u00e3o\u00a0em carreira\u00a0de Professores dos Grupos 260 e 620.<\/p>\n<p>N\u00famero m\u00e1ximo de participantes: 22 formandos<\/p>\n<p>Crit\u00e9rios de Sele\u00e7\u00e3o: 1.\u00ba Docente de Educa\u00e7\u00e3o F\u00edsica e associado da\u00a0APPEFIS<strong>;\u00a0<\/strong>2\u00ba Docente\u00a0de Educa\u00e7\u00e3o F\u00edsica e associado\u00a0de outra APEF; 3\u00ba Outros docentes de Educa\u00e7\u00e3o F\u00edsica<\/p>\n<p>Data limite de inscri\u00e7\u00f5es: 01 de julho de 2024.<\/p>\n<p>Pre\u00e7o:<\/p>\n<p>Associados da\u00a0APPEFIS: 35\u20ac;<\/p>\n<p>N\u00e3o associados: 55\u20ac<\/p>\n","protected":false},"excerpt":{"rendered":"<p>Foi introduzido\u00a0no Plano de Forma\u00e7\u00e3o da\u00a0APPEFIS\u00a0a a\u00e7\u00e3o\u00a0Pitch &amp; Putt: O jogo curto do Golfe \u2013 N\u00edvel Introdut\u00f3rio,\u00a0a realizar nos dias 17, 18, 20, 21 e 22 de julho\u00a02024, em Coimbra. Formador:\u00a0Hugo Esp\u00edrito Santo Horas: 25 [&hellip;]<\/p>\n","protected":false},"author":3,"featured_media":2628,"comment_status":"open","ping_status":"open","sticky":false,"template":"","format":"standard","meta":{"footnotes":""},"categories":[19],"tags":[97,96,95],"post_folder":[],"class_list":["post-2627","post","type-post","status-publish","format-standard","has-post-thumbnail","hentry","category-formacao-continua","tag-golfe","tag-hugo-santo","tag-pitch-putt"],"_links":{"self":[{"href":"https:\/\/appefis.org\/pt\/wp-json\/wp\/v2\/posts\/2627","targetHints":{"allow":["GET"]}}],"collection":[{"href":"https:\/\/appefis.org\/pt\/wp-json\/wp\/v2\/posts"}],"about":[{"href":"https:\/\/appefis.org\/pt\/wp-json\/wp\/v2\/types\/post"}],"author":[{"embeddable":true,"href":"https:\/\/appefis.org\/pt\/wp-json\/wp\/v2\/users\/3"}],"replies":[{"embeddable":true,"href":"https:\/\/appefis.org\/pt\/wp-json\/wp\/v2\/comments?post=2627"}],"version-history":[{"count":1,"href":"https:\/\/appefis.org\/pt\/wp-json\/wp\/v2\/posts\/2627\/revisions"}],"predecessor-version":[{"id":2629,"href":"https:\/\/appefis.org\/pt\/wp-json\/wp\/v2\/posts\/2627\/revisions\/2629"}],"wp:featuredmedia":[{"embeddable":true,"href":"https:\/\/appefis.org\/pt\/wp-json\/wp\/v2\/media\/2628"}],"wp:attachment":[{"href":"https:\/\/appefis.org\/pt\/wp-json\/wp\/v2\/media?parent=2627"}],"wp:term":[{"taxonomy":"category","embeddable":true,"href":"https:\/\/appefis.org\/pt\/wp-json\/wp\/v2\/categories?post=2627"},{"taxonomy":"post_tag","embeddable":true,"href":"https:\/\/appefis.org\/pt\/wp-json\/wp\/v2\/tags?post=2627"},{"taxonomy":"post_folder","embeddable":true,"href":"https:\/\/appefis.org\/pt\/wp-json\/wp\/v2\/post_folder?post=2627"}],"curies":[{"name":"wp","href":"https:\/\/api.w.org\/{rel}","templated":true}]}}