{"id":2634,"date":"2024-07-26T09:48:44","date_gmt":"2024-07-26T09:48:44","guid":{"rendered":"https:\/\/appefis.org\/pt\/?p=2634"},"modified":"2024-12-21T11:14:32","modified_gmt":"2024-12-21T11:14:32","slug":"formacao-continua-montanhismo","status":"publish","type":"post","link":"https:\/\/appefis.org\/pt\/2024\/07\/26\/formacao-continua-montanhismo\/","title":{"rendered":"Forma\u00e7\u00e3o Cont\u00ednua &#8211; Montanhismo: Slide, Rapel, Tirolesa, Pontes Paralelas, Himalaianas e Corrim\u00e3o"},"content":{"rendered":"<h5><img decoding=\"async\" class=\"lazyload alignnone wp-image-2635 size-large\" src=\"https:\/\/appefis.org\/pt\/wp-content\/uploads\/2024\/07\/APPEFIS-Formacao-ContinuaTirolesa-1024x576.jpg\" data-orig-src=\"https:\/\/appefis.org\/pt\/wp-content\/uploads\/2024\/07\/APPEFIS-Formacao-ContinuaTirolesa-1024x576.jpg\" alt=\"\" width=\"1024\" height=\"576\" srcset=\"data:image\/svg+xml,%3Csvg%20xmlns%3D%27http%3A%2F%2Fwww.w3.org%2F2000%2Fsvg%27%20width%3D%271024%27%20height%3D%27576%27%20viewBox%3D%270%200%201024%20576%27%3E%3Crect%20width%3D%271024%27%20height%3D%27576%27%20fill-opacity%3D%220%22%2F%3E%3C%2Fsvg%3E\" data-srcset=\"https:\/\/appefis.org\/pt\/wp-content\/uploads\/2024\/07\/APPEFIS-Formacao-ContinuaTirolesa-200x113.jpg 200w, https:\/\/appefis.org\/pt\/wp-content\/uploads\/2024\/07\/APPEFIS-Formacao-ContinuaTirolesa-300x169.jpg 300w, https:\/\/appefis.org\/pt\/wp-content\/uploads\/2024\/07\/APPEFIS-Formacao-ContinuaTirolesa-400x225.jpg 400w, https:\/\/appefis.org\/pt\/wp-content\/uploads\/2024\/07\/APPEFIS-Formacao-ContinuaTirolesa-600x338.jpg 600w, https:\/\/appefis.org\/pt\/wp-content\/uploads\/2024\/07\/APPEFIS-Formacao-ContinuaTirolesa-768x432.jpg 768w, https:\/\/appefis.org\/pt\/wp-content\/uploads\/2024\/07\/APPEFIS-Formacao-ContinuaTirolesa-800x450.jpg 800w, https:\/\/appefis.org\/pt\/wp-content\/uploads\/2024\/07\/APPEFIS-Formacao-ContinuaTirolesa-1024x576.jpg 1024w, https:\/\/appefis.org\/pt\/wp-content\/uploads\/2024\/07\/APPEFIS-Formacao-ContinuaTirolesa-1200x675.jpg 1200w, https:\/\/appefis.org\/pt\/wp-content\/uploads\/2024\/07\/APPEFIS-Formacao-ContinuaTirolesa-1536x864.jpg 1536w, https:\/\/appefis.org\/pt\/wp-content\/uploads\/2024\/07\/APPEFIS-Formacao-ContinuaTirolesa.jpg 1920w\" data-sizes=\"auto\" data-orig-sizes=\"(max-width: 1024px) 100vw, 1024px\" \/><\/h5>\n<div>A\u00a0<span class=\"il\">Appefis<\/span>\u00a0vai realizar, tamb\u00e9m, a a\u00e7\u00e3o\u00a0<b>Montanhismo: Slide, Rapel, Tirolesa, Pontes Paralelas, Himalaianas e Corrim\u00e3o,\u00a0<\/b>nos dias 10, 11 e 12 de julho de 2024, na Escola B\u00e1sica de Soure.<\/div>\n<div>Formador: Alberto Cruz<\/div>\n<div>25h<\/div>\n<div>Associados: 35\u20ac<\/div>\n<div>N\u00e3o associados: 55\u20ac<\/div>\n<div>\n<div><span style=\"font-family: arial, sans-serif;\">Hor\u00e1rio:<\/span><\/div>\n<div><span style=\"font-family: arial, sans-serif;\">Dia 10 de julho, quinta-feira, das 09h00 \u00e0s 18h00<\/span><\/div>\n<div><span style=\"font-family: arial, sans-serif;\">Dia 11 de julho,\u00a0<\/span>sexta-feira<span style=\"font-family: arial, sans-serif;\">,\u00a0<\/span>das 09h00 \u00e0s 18h00<\/div>\n<div>Dia 12 de julho, segunda-feira, das\u00a009h00 \u00e0s 18h00<\/div>\n<\/div>\n","protected":false},"excerpt":{"rendered":"<p>A\u00a0Appefis\u00a0vai realizar, tamb\u00e9m, a a\u00e7\u00e3o\u00a0Montanhismo: Slide, Rapel, Tirolesa, Pontes Paralelas, Himalaianas e Corrim\u00e3o,\u00a0nos dias 10, 11 e 12 de julho de 2024, na Escola B\u00e1sica de Soure. Formador: Alberto Cruz 25h Associados: 35\u20ac N\u00e3o associados: [&hellip;]<\/p>\n","protected":false},"author":3,"featured_media":2635,"comment_status":"open","ping_status":"open","sticky":false,"template":"","format":"standard","meta":{"footnotes":""},"categories":[19],"tags":[97,96,95],"post_folder":[],"class_list":["post-2634","post","type-post","status-publish","format-standard","has-post-thumbnail","hentry","category-formacao-continua","tag-golfe","tag-hugo-santo","tag-pitch-putt"],"_links":{"self":[{"href":"https:\/\/appefis.org\/pt\/wp-json\/wp\/v2\/posts\/2634","targetHints":{"allow":["GET"]}}],"collection":[{"href":"https:\/\/appefis.org\/pt\/wp-json\/wp\/v2\/posts"}],"about":[{"href":"https:\/\/appefis.org\/pt\/wp-json\/wp\/v2\/types\/post"}],"author":[{"embeddable":true,"href":"https:\/\/appefis.org\/pt\/wp-json\/wp\/v2\/users\/3"}],"replies":[{"embeddable":true,"href":"https:\/\/appefis.org\/pt\/wp-json\/wp\/v2\/comments?post=2634"}],"version-history":[{"count":2,"href":"https:\/\/appefis.org\/pt\/wp-json\/wp\/v2\/posts\/2634\/revisions"}],"predecessor-version":[{"id":2637,"href":"https:\/\/appefis.org\/pt\/wp-json\/wp\/v2\/posts\/2634\/revisions\/2637"}],"wp:featuredmedia":[{"embeddable":true,"href":"https:\/\/appefis.org\/pt\/wp-json\/wp\/v2\/media\/2635"}],"wp:attachment":[{"href":"https:\/\/appefis.org\/pt\/wp-json\/wp\/v2\/media?parent=2634"}],"wp:term":[{"taxonomy":"category","embeddable":true,"href":"https:\/\/appefis.org\/pt\/wp-json\/wp\/v2\/categories?post=2634"},{"taxonomy":"post_tag","embeddable":true,"href":"https:\/\/appefis.org\/pt\/wp-json\/wp\/v2\/tags?post=2634"},{"taxonomy":"post_folder","embeddable":true,"href":"https:\/\/appefis.org\/pt\/wp-json\/wp\/v2\/post_folder?post=2634"}],"curies":[{"name":"wp","href":"https:\/\/api.w.org\/{rel}","templated":true}]}}