{"id":2654,"date":"2024-07-30T13:03:50","date_gmt":"2024-07-30T13:03:50","guid":{"rendered":"https:\/\/appefis.org\/pt\/?p=2654"},"modified":"2024-09-06T13:55:15","modified_gmt":"2024-09-06T13:55:15","slug":"formacao-o-ensino-da-escalada-no-desporto-escolar-e-educacao-fisica","status":"publish","type":"post","link":"https:\/\/appefis.org\/pt\/2024\/07\/30\/formacao-o-ensino-da-escalada-no-desporto-escolar-e-educacao-fisica\/","title":{"rendered":"Forma\u00e7\u00e3o &#8211; O Ensino da Escalada no Desporto Escolar e Educa\u00e7\u00e3o F\u00edsica"},"content":{"rendered":"<p><span style=\"font-weight: 400;\">Foi introduzido\u00a0no Plano de Forma\u00e7\u00e3o 2024\/2025 da APPEFIS a a\u00e7\u00e3o<\/span><span style=\"font-weight: 400;\">\u00a0<em>O Ensino da Escalada no Desporto Escolar e Educa\u00e7\u00e3o F\u00edsica,\u00a0<\/em><\/span>a realizar nos dias\u00a006, 09 e 10 de setembro de 2024, em Soure.<\/p>\n<p><img decoding=\"async\" class=\"lazyload size-large wp-image-2669 aligncenter\" src=\"https:\/\/appefis.org\/pt\/wp-content\/uploads\/2024\/07\/Escalda2024-09-06-1024x484.png\" data-orig-src=\"https:\/\/appefis.org\/pt\/wp-content\/uploads\/2024\/07\/Escalda2024-09-06-1024x484.png\" alt=\"\" width=\"1024\" height=\"484\" srcset=\"data:image\/svg+xml,%3Csvg%20xmlns%3D%27http%3A%2F%2Fwww.w3.org%2F2000%2Fsvg%27%20width%3D%271024%27%20height%3D%27484%27%20viewBox%3D%270%200%201024%20484%27%3E%3Crect%20width%3D%271024%27%20height%3D%27484%27%20fill-opacity%3D%220%22%2F%3E%3C%2Fsvg%3E\" data-srcset=\"https:\/\/appefis.org\/pt\/wp-content\/uploads\/2024\/07\/Escalda2024-09-06-200x95.png 200w, https:\/\/appefis.org\/pt\/wp-content\/uploads\/2024\/07\/Escalda2024-09-06-300x142.png 300w, https:\/\/appefis.org\/pt\/wp-content\/uploads\/2024\/07\/Escalda2024-09-06-400x189.png 400w, https:\/\/appefis.org\/pt\/wp-content\/uploads\/2024\/07\/Escalda2024-09-06-600x284.png 600w, https:\/\/appefis.org\/pt\/wp-content\/uploads\/2024\/07\/Escalda2024-09-06-768x363.png 768w, https:\/\/appefis.org\/pt\/wp-content\/uploads\/2024\/07\/Escalda2024-09-06-800x378.png 800w, https:\/\/appefis.org\/pt\/wp-content\/uploads\/2024\/07\/Escalda2024-09-06-1024x484.png 1024w, https:\/\/appefis.org\/pt\/wp-content\/uploads\/2024\/07\/Escalda2024-09-06.png 1172w\" data-sizes=\"auto\" data-orig-sizes=\"(max-width: 1024px) 100vw, 1024px\" \/><\/p>\n<p>Formador:\u00a0Alberto Cruz<\/p>\n<p>Horas: 25<\/p>\n<p>Localidade: Soure<\/p>\n<p>Local:\u00a0\u00a0Escola B\u00e1sica de Soure<\/p>\n<p>Hor\u00e1rio:<\/p>\n<p>Dia 06 de setembro, sexta-feira, das 09h00 \u00e0s 18h00<\/p>\n<p>Dia 09 de setembro,\u00a0segunda-feira,\u00a0das 09h00 \u00e0s 18h00<\/p>\n<p>Dia 10 de setembro, ter\u00e7a-feira, das\u00a009h00 \u00e0s 18h00<\/p>\n<p>Esta a\u00e7\u00e3o de\u00a0forma\u00e7\u00e3o\u00a0releva para efeitos de progress\u00e3o\u00a0em carreira\u00a0de Professores dos Grupos 260 e 620.<\/p>\n<p>N\u00famero m\u00e1ximo de participantes: 22 formandos<\/p>\n<p>Crit\u00e9rios de Sele\u00e7\u00e3o: 1.\u00ba Docente de Educa\u00e7\u00e3o F\u00edsica e associado da APPEFIS<strong>;\u00a0<\/strong>2\u00ba Docente\u00a0de Educa\u00e7\u00e3o F\u00edsica e associado\u00a0de outra APEF; 3\u00ba Outros docentes de Educa\u00e7\u00e3o F\u00edsica<\/p>\n<p>Data limite de inscri\u00e7\u00f5es: 01 de setembro de 2024.<\/p>\n<p>Pre\u00e7o:<\/p>\n<p>Associados da APPEFIS: 35\u20ac;<\/p>\n<p>N\u00e3o associados: 55\u20ac<\/p>\n<p>Anexamos ficha de inscri\u00e7\u00e3o:<\/p>\n<p><a href=\"https:\/\/appefis.org\/pt\/wp-content\/uploads\/2024\/07\/Ficha-inscricao-Escalada-Setembro-de-2024.pdf\">Ficha inscri\u00e7\u00e3o Escalada &#8211; Setembro de 2024<\/a><\/p>\n","protected":false},"excerpt":{"rendered":"<p>Foi introduzido\u00a0no Plano de Forma\u00e7\u00e3o 2024\/2025 da APPEFIS a a\u00e7\u00e3o\u00a0O Ensino da Escalada no Desporto Escolar e Educa\u00e7\u00e3o F\u00edsica,\u00a0a realizar nos dias\u00a006, 09 e 10 de setembro de 2024, em Soure. Formador:\u00a0Alberto Cruz Horas: 25 [&hellip;]<\/p>\n","protected":false},"author":3,"featured_media":2659,"comment_status":"open","ping_status":"open","sticky":false,"template":"","format":"standard","meta":{"footnotes":""},"categories":[19],"tags":[105,65],"post_folder":[],"class_list":["post-2654","post","type-post","status-publish","format-standard","has-post-thumbnail","hentry","category-formacao-continua","tag-alberto-cruz","tag-escalada"],"_links":{"self":[{"href":"https:\/\/appefis.org\/pt\/wp-json\/wp\/v2\/posts\/2654","targetHints":{"allow":["GET"]}}],"collection":[{"href":"https:\/\/appefis.org\/pt\/wp-json\/wp\/v2\/posts"}],"about":[{"href":"https:\/\/appefis.org\/pt\/wp-json\/wp\/v2\/types\/post"}],"author":[{"embeddable":true,"href":"https:\/\/appefis.org\/pt\/wp-json\/wp\/v2\/users\/3"}],"replies":[{"embeddable":true,"href":"https:\/\/appefis.org\/pt\/wp-json\/wp\/v2\/comments?post=2654"}],"version-history":[{"count":3,"href":"https:\/\/appefis.org\/pt\/wp-json\/wp\/v2\/posts\/2654\/revisions"}],"predecessor-version":[{"id":2671,"href":"https:\/\/appefis.org\/pt\/wp-json\/wp\/v2\/posts\/2654\/revisions\/2671"}],"wp:featuredmedia":[{"embeddable":true,"href":"https:\/\/appefis.org\/pt\/wp-json\/wp\/v2\/media\/2659"}],"wp:attachment":[{"href":"https:\/\/appefis.org\/pt\/wp-json\/wp\/v2\/media?parent=2654"}],"wp:term":[{"taxonomy":"category","embeddable":true,"href":"https:\/\/appefis.org\/pt\/wp-json\/wp\/v2\/categories?post=2654"},{"taxonomy":"post_tag","embeddable":true,"href":"https:\/\/appefis.org\/pt\/wp-json\/wp\/v2\/tags?post=2654"},{"taxonomy":"post_folder","embeddable":true,"href":"https:\/\/appefis.org\/pt\/wp-json\/wp\/v2\/post_folder?post=2654"}],"curies":[{"name":"wp","href":"https:\/\/api.w.org\/{rel}","templated":true}]}}