{"id":2674,"date":"2024-12-19T12:30:05","date_gmt":"2024-12-19T12:30:05","guid":{"rendered":"https:\/\/appefis.org\/pt\/?p=2674"},"modified":"2025-03-10T15:34:09","modified_gmt":"2025-03-10T15:34:09","slug":"formacao-basebol2024","status":"publish","type":"post","link":"https:\/\/appefis.org\/pt\/2024\/12\/19\/formacao-basebol2024\/","title":{"rendered":"Forma\u00e7\u00e3o &#8211; Abordagem ao Basebol e Softbol"},"content":{"rendered":"<p><img decoding=\"async\" class=\"lazyload alignnone size-medium wp-image-2738\" src=\"https:\/\/appefis.org\/pt\/wp-content\/uploads\/2024\/12\/basebol_Appefis2024-300x169.png\" data-orig-src=\"https:\/\/appefis.org\/pt\/wp-content\/uploads\/2024\/12\/basebol_Appefis2024-300x169.png\" alt=\"\" width=\"300\" height=\"169\" srcset=\"data:image\/svg+xml,%3Csvg%20xmlns%3D%27http%3A%2F%2Fwww.w3.org%2F2000%2Fsvg%27%20width%3D%27300%27%20height%3D%27169%27%20viewBox%3D%270%200%20300%20169%27%3E%3Crect%20width%3D%27300%27%20height%3D%27169%27%20fill-opacity%3D%220%22%2F%3E%3C%2Fsvg%3E\" data-srcset=\"https:\/\/appefis.org\/pt\/wp-content\/uploads\/2024\/12\/basebol_Appefis2024-200x112.png 200w, https:\/\/appefis.org\/pt\/wp-content\/uploads\/2024\/12\/basebol_Appefis2024-300x169.png 300w, https:\/\/appefis.org\/pt\/wp-content\/uploads\/2024\/12\/basebol_Appefis2024-400x225.png 400w, https:\/\/appefis.org\/pt\/wp-content\/uploads\/2024\/12\/basebol_Appefis2024-600x337.png 600w, https:\/\/appefis.org\/pt\/wp-content\/uploads\/2024\/12\/basebol_Appefis2024-768x432.png 768w, https:\/\/appefis.org\/pt\/wp-content\/uploads\/2024\/12\/basebol_Appefis2024-800x450.png 800w, https:\/\/appefis.org\/pt\/wp-content\/uploads\/2024\/12\/basebol_Appefis2024-1024x576.png 1024w, https:\/\/appefis.org\/pt\/wp-content\/uploads\/2024\/12\/basebol_Appefis2024.png 1129w\" data-sizes=\"auto\" data-orig-sizes=\"(max-width: 300px) 100vw, 300px\" \/><\/p>\n<p><span style=\"font-weight: 400;\">Informamos que o Centro de Forma\u00e7\u00e3o da Appefis, em co-organiza\u00e7\u00e3o com a Apef de Aveiro, introduziu no seu Plano de Forma\u00e7\u00e3o 2024\/2025\u00a0 a a\u00e7\u00e3o<\/span><span style=\"font-weight: 400;\">\u00a0<strong><em>Abordagem ao Basebol\/Softbol<\/em>,\u00a0<\/strong><em>\u00a0<\/em><\/span>a realizar nos dias\u00a006, 07, 08, 13 e 14 de dezembro de 2024, na Escola B\u00e1sica e Secund\u00e1ria de Anadia.<\/p>\n<p>Formador:\u00a0Filipe Gerardo<\/p>\n<p>Horas: 25<\/p>\n<p>Localidade: Anadia<\/p>\n<p>Local:\u00a0\u00a0Escola B\u00e1sica e Secund\u00e1ria de Anadia<\/p>\n<p>Calend\u00e1rio:<\/p>\n<p>Dia 06 de dezembro, sexta-feira,\u00a02 horas, online<\/p>\n<p>Dia 07 de\u00a0dezembro,\u00a0s\u00e1bado,\u00a08 horas, presencial, na Escola B\u00e1sica e Secund\u00e1ria de Anadia<\/p>\n<p>Dia 08 de\u00a0dezembro,\u00a0domingo,\u00a08 horas, presencial, na Escola B\u00e1sica e Secund\u00e1ria de Anadia<\/p>\n<p>Dia 13 dezembro,\u00a0sexta-feira,\u00a02 horas, online<\/p>\n<p>Dia 14 dezembro, s\u00e1bado, 5 horas, presencial (Avalia\u00e7\u00e3o), na Escola B\u00e1sica e Secund\u00e1ria de Anadia<\/p>\n<p>Esta a\u00e7\u00e3o de\u00a0forma\u00e7\u00e3o\u00a0releva para efeitos de progress\u00e3o\u00a0em carreira\u00a0de Professores dos Grupos 260 e 620.<\/p>\n<p>N\u00famero m\u00e1ximo de participantes: 22 formandos<\/p>\n<p>Crit\u00e9rios de Sele\u00e7\u00e3o:<\/p>\n<p>1.\u00ba Docente de Educa\u00e7\u00e3o F\u00edsica e associado da APPEFIS<strong>;\u00a0<\/strong><\/p>\n<p>2\u00ba\u00a0Docente\u00a0de Educa\u00e7\u00e3o F\u00edsica e associado\u00a0da APEF de Aveiro,<\/p>\n<p>3\u00ba\u00a0Docente\u00a0de Educa\u00e7\u00e3o F\u00edsica e associado\u00a0de outra APEF;<\/p>\n<p>4\u00ba Outros docentes de Educa\u00e7\u00e3o F\u00edsica<\/p>\n<p>Data limite de inscri\u00e7\u00f5es:28 de novembro de 2024.<\/p>\n<p>Pre\u00e7o:<\/p>\n<p><strong>Associados da Appefis e Apef Aveiro: 35\u20ac;\u00a0<\/strong><\/p>\n<p>Outros: 50\u20ac<\/p>\n<p>Anexamos ficha de inscri\u00e7\u00e3o.<\/p>\n<p>As inscri\u00e7\u00f5es devem ser enviadas para centroformacaoappefis@gmail.com<\/p>\n<p><a href=\"https:\/\/appefis.org\/pt\/wp-content\/uploads\/2024\/12\/Ficha_inscricao_Basebol_Softbol_2024.pdf\">Download aqui: Ficha_inscri\u00e7\u00e3o_Basebol_Softbol_2024<\/a><\/p>\n","protected":false},"excerpt":{"rendered":"<p>Informamos que o Centro de Forma\u00e7\u00e3o da Appefis, em co-organiza\u00e7\u00e3o com a Apef de Aveiro, introduziu no seu Plano de Forma\u00e7\u00e3o 2024\/2025\u00a0 a a\u00e7\u00e3o\u00a0Abordagem ao Basebol\/Softbol,\u00a0\u00a0a realizar nos dias\u00a006, 07, 08, 13 e 14 de [&hellip;]<\/p>\n","protected":false},"author":3,"featured_media":2676,"comment_status":"open","ping_status":"open","sticky":false,"template":"","format":"standard","meta":{"footnotes":""},"categories":[19],"tags":[108,110,109],"post_folder":[],"class_list":["post-2674","post","type-post","status-publish","format-standard","has-post-thumbnail","hentry","category-formacao-continua","tag-basebol","tag-filipe-gerardo","tag-softbol"],"_links":{"self":[{"href":"https:\/\/appefis.org\/pt\/wp-json\/wp\/v2\/posts\/2674","targetHints":{"allow":["GET"]}}],"collection":[{"href":"https:\/\/appefis.org\/pt\/wp-json\/wp\/v2\/posts"}],"about":[{"href":"https:\/\/appefis.org\/pt\/wp-json\/wp\/v2\/types\/post"}],"author":[{"embeddable":true,"href":"https:\/\/appefis.org\/pt\/wp-json\/wp\/v2\/users\/3"}],"replies":[{"embeddable":true,"href":"https:\/\/appefis.org\/pt\/wp-json\/wp\/v2\/comments?post=2674"}],"version-history":[{"count":4,"href":"https:\/\/appefis.org\/pt\/wp-json\/wp\/v2\/posts\/2674\/revisions"}],"predecessor-version":[{"id":2739,"href":"https:\/\/appefis.org\/pt\/wp-json\/wp\/v2\/posts\/2674\/revisions\/2739"}],"wp:featuredmedia":[{"embeddable":true,"href":"https:\/\/appefis.org\/pt\/wp-json\/wp\/v2\/media\/2676"}],"wp:attachment":[{"href":"https:\/\/appefis.org\/pt\/wp-json\/wp\/v2\/media?parent=2674"}],"wp:term":[{"taxonomy":"category","embeddable":true,"href":"https:\/\/appefis.org\/pt\/wp-json\/wp\/v2\/categories?post=2674"},{"taxonomy":"post_tag","embeddable":true,"href":"https:\/\/appefis.org\/pt\/wp-json\/wp\/v2\/tags?post=2674"},{"taxonomy":"post_folder","embeddable":true,"href":"https:\/\/appefis.org\/pt\/wp-json\/wp\/v2\/post_folder?post=2674"}],"curies":[{"name":"wp","href":"https:\/\/api.w.org\/{rel}","templated":true}]}}