{"id":2697,"date":"2024-12-21T11:10:59","date_gmt":"2024-12-21T11:10:59","guid":{"rendered":"https:\/\/appefis.org\/pt\/?p=2697"},"modified":"2024-12-21T11:10:59","modified_gmt":"2024-12-21T11:10:59","slug":"formacao-continua-pitch-putt-o-jogo-curto-do-golfe-nivel-elementar","status":"publish","type":"post","link":"https:\/\/appefis.org\/pt\/2024\/12\/21\/formacao-continua-pitch-putt-o-jogo-curto-do-golfe-nivel-elementar\/","title":{"rendered":"Forma\u00e7\u00e3o Cont\u00ednua &#8211; Pitch &#038; Putt: O jogo curto do Golfe \u2013 N\u00edvel elementar"},"content":{"rendered":"<div class=\"xdj266r x11i5rnm xat24cr x1mh8g0r x1vvkbs x126k92a\">\n<div dir=\"auto\">FORMA\u00c7\u00c3O 2024\/2025<\/div>\n<div dir=\"auto\">Centro de Forma\u00e7\u00e3o APPEFIS<\/div>\n<div dir=\"auto\">Forma\u00e7\u00e3o Cont\u00ednua &#8211; Pitch &amp; Putt: O jogo curto do Golfe \u2013 N\u00edvel elementar<\/div>\n<\/div>\n<div class=\"x11i5rnm xat24cr x1mh8g0r x1vvkbs xtlvy1s x126k92a\">\n<div dir=\"auto\">Formador: Hugo Esp\u00edrito Santo<\/div>\n<div dir=\"auto\">Horas: 25<\/div>\n<div dir=\"auto\">Localidade: Coimbra<\/div>\n<div dir=\"auto\">Local: Clube de Golfe Quinta das L\u00e1grimas<\/div>\n<\/div>\n<div class=\"x11i5rnm xat24cr x1mh8g0r x1vvkbs xtlvy1s x126k92a\">\n<div dir=\"auto\">Calend\u00e1rio:<\/div>\n<div dir=\"auto\">17 de janeiro, sexta-feira: 19h30 \u00e0s 21h30<\/div>\n<div dir=\"auto\">18 de janeiro, s\u00e1bado: das 09h00 \u00e0s 12h00 e das 13h30 \u00e0s 17h30<\/div>\n<div dir=\"auto\">19 de janeiro, domingo: das 09h00 \u00e0s 12h00 e das 13h30 \u00e0s 17h30<\/div>\n<div dir=\"auto\">25 de janeiro, s\u00e1bado: das 09h00 \u00e0s 12h00 e das 13h30 \u00e0s 17h30<\/div>\n<div dir=\"auto\">27 de janeiro, segunda-feira: 19h30 \u00e0s 21h30<\/div>\n<\/div>\n<div class=\"x11i5rnm xat24cr x1mh8g0r x1vvkbs xtlvy1s x126k92a\">\n<div dir=\"auto\">Esta a\u00e7\u00e3o de forma\u00e7\u00e3o releva para efeitos de progress\u00e3o em carreira de Professores dos Grupos 260 e 620.<\/div>\n<div dir=\"auto\">N\u00famero m\u00e1ximo de participantes: 22 formandos<\/div>\n<div dir=\"auto\">Data limite de inscri\u00e7\u00f5es: 09 de janeiro de 2025.<\/div>\n<\/div>\n<div class=\"x11i5rnm xat24cr x1mh8g0r x1vvkbs xtlvy1s x126k92a\">\n<div dir=\"auto\">Pre\u00e7o:<\/div>\n<div dir=\"auto\">Associados da Appefis : 40\u20ac<\/div>\n<div dir=\"auto\">Outros: 55\u20ac<\/div>\n<\/div>\n","protected":false},"excerpt":{"rendered":"<p>FORMA\u00c7\u00c3O 2024\/2025 Centro de Forma\u00e7\u00e3o APPEFIS Forma\u00e7\u00e3o Cont\u00ednua &#8211; Pitch &amp; Putt: O jogo curto do Golfe \u2013 N\u00edvel elementar Formador: Hugo Esp\u00edrito Santo Horas: 25 Localidade: Coimbra Local: Clube de Golfe Quinta das L\u00e1grimas [&hellip;]<\/p>\n","protected":false},"author":3,"featured_media":2698,"comment_status":"open","ping_status":"open","sticky":false,"template":"","format":"standard","meta":{"footnotes":""},"categories":[19],"tags":[97,112,95],"post_folder":[],"class_list":["post-2697","post","type-post","status-publish","format-standard","has-post-thumbnail","hentry","category-formacao-continua","tag-golfe","tag-hugo-espirito-santo","tag-pitch-putt"],"_links":{"self":[{"href":"https:\/\/appefis.org\/pt\/wp-json\/wp\/v2\/posts\/2697","targetHints":{"allow":["GET"]}}],"collection":[{"href":"https:\/\/appefis.org\/pt\/wp-json\/wp\/v2\/posts"}],"about":[{"href":"https:\/\/appefis.org\/pt\/wp-json\/wp\/v2\/types\/post"}],"author":[{"embeddable":true,"href":"https:\/\/appefis.org\/pt\/wp-json\/wp\/v2\/users\/3"}],"replies":[{"embeddable":true,"href":"https:\/\/appefis.org\/pt\/wp-json\/wp\/v2\/comments?post=2697"}],"version-history":[{"count":1,"href":"https:\/\/appefis.org\/pt\/wp-json\/wp\/v2\/posts\/2697\/revisions"}],"predecessor-version":[{"id":2699,"href":"https:\/\/appefis.org\/pt\/wp-json\/wp\/v2\/posts\/2697\/revisions\/2699"}],"wp:featuredmedia":[{"embeddable":true,"href":"https:\/\/appefis.org\/pt\/wp-json\/wp\/v2\/media\/2698"}],"wp:attachment":[{"href":"https:\/\/appefis.org\/pt\/wp-json\/wp\/v2\/media?parent=2697"}],"wp:term":[{"taxonomy":"category","embeddable":true,"href":"https:\/\/appefis.org\/pt\/wp-json\/wp\/v2\/categories?post=2697"},{"taxonomy":"post_tag","embeddable":true,"href":"https:\/\/appefis.org\/pt\/wp-json\/wp\/v2\/tags?post=2697"},{"taxonomy":"post_folder","embeddable":true,"href":"https:\/\/appefis.org\/pt\/wp-json\/wp\/v2\/post_folder?post=2697"}],"curies":[{"name":"wp","href":"https:\/\/api.w.org\/{rel}","templated":true}]}}