{"id":2705,"date":"2025-01-26T20:59:51","date_gmt":"2025-01-26T20:59:51","guid":{"rendered":"https:\/\/appefis.org\/pt\/?p=2705"},"modified":"2025-03-08T22:05:13","modified_gmt":"2025-03-08T22:05:13","slug":"formacao-continua-ginastica-ecletismo","status":"publish","type":"post","link":"https:\/\/appefis.org\/pt\/2025\/01\/26\/formacao-continua-ginastica-ecletismo\/","title":{"rendered":"Forma\u00e7\u00e3o Cont\u00ednua &#8211; Gin\u00e1stica \u2013 ecletismo e exig\u00eancia"},"content":{"rendered":"<p><img decoding=\"async\" class=\"lazyload  wp-image-2731 alignnone\" src=\"https:\/\/appefis.org\/pt\/wp-content\/uploads\/2025\/01\/fotoGinastica-300x225.jpg\" data-orig-src=\"https:\/\/appefis.org\/pt\/wp-content\/uploads\/2025\/01\/fotoGinastica-300x225.jpg\" alt=\"\" width=\"571\" height=\"428\" srcset=\"data:image\/svg+xml,%3Csvg%20xmlns%3D%27http%3A%2F%2Fwww.w3.org%2F2000%2Fsvg%27%20width%3D%27571%27%20height%3D%27428%27%20viewBox%3D%270%200%20571%20428%27%3E%3Crect%20width%3D%27571%27%20height%3D%27428%27%20fill-opacity%3D%220%22%2F%3E%3C%2Fsvg%3E\" data-srcset=\"https:\/\/appefis.org\/pt\/wp-content\/uploads\/2025\/01\/fotoGinastica-200x150.jpg 200w, https:\/\/appefis.org\/pt\/wp-content\/uploads\/2025\/01\/fotoGinastica-300x225.jpg 300w, https:\/\/appefis.org\/pt\/wp-content\/uploads\/2025\/01\/fotoGinastica-400x300.jpg 400w, https:\/\/appefis.org\/pt\/wp-content\/uploads\/2025\/01\/fotoGinastica-600x450.jpg 600w, https:\/\/appefis.org\/pt\/wp-content\/uploads\/2025\/01\/fotoGinastica-768x576.jpg 768w, https:\/\/appefis.org\/pt\/wp-content\/uploads\/2025\/01\/fotoGinastica-800x600.jpg 800w, https:\/\/appefis.org\/pt\/wp-content\/uploads\/2025\/01\/fotoGinastica-1024x768.jpg 1024w, https:\/\/appefis.org\/pt\/wp-content\/uploads\/2025\/01\/fotoGinastica-1200x900.jpg 1200w, https:\/\/appefis.org\/pt\/wp-content\/uploads\/2025\/01\/fotoGinastica-1536x1152.jpg 1536w\" data-sizes=\"auto\" data-orig-sizes=\"(max-width: 571px) 100vw, 571px\" \/><\/p>\n<p>&nbsp;<\/p>\n<p style=\"font-weight: 400;\">Informamos que o Centro de Forma\u00e7\u00e3o da Appefis introduziu no seu Plano de Forma\u00e7\u00e3o 2024\/2025 a a\u00e7\u00e3o\u00a0<strong>Gin\u00e1stica \u2013 ecletismo e exig\u00eancia,\u00a0<\/strong><em>\u00a0<\/em>a realizar nos dias\u00a008 de fevereiro, 01\u00a0e 08 de mar\u00e7o de 2025, na Escola B\u00e1sica 2,3 In\u00eas de Castro, Coimbra.<\/p>\n<p>Formador:\u00a0Jorge Abrantes<\/p>\n<p>Horas: 25<\/p>\n<p>Localidade: Coimbra<\/p>\n<p>Local:\u00a0\u00a0Escola B\u00e1sica 2,3 In\u00eas de Castro<\/p>\n<p>Calend\u00e1rio:<\/p>\n<p>08 de fevereiro, s\u00e1bado: 09h00 \u00e0s 17h30<br \/>\n01 de mar\u00e7o, s\u00e1bado:\u00a0 09h00 \u00e0s 17h30<\/p>\n<p>08 de mar\u00e7o, s\u00e1bado. 09h00 \u00e0s 17h30<\/p>\n<p>Esta a\u00e7\u00e3o de\u00a0forma\u00e7\u00e3o\u00a0releva para efeitos de progress\u00e3o\u00a0em carreira\u00a0de Professores dos Grupos 260 e 620.<\/p>\n<p>N\u00famero m\u00e1ximo de participantes: 22 formandos<\/p>\n<p>Crit\u00e9rios de Sele\u00e7\u00e3o:<\/p>\n<p>1.\u00ba Docente de Educa\u00e7\u00e3o F\u00edsica e associado da APPEFIS<strong>;\u00a0<\/strong><\/p>\n<p>2\u00ba\u00a0Docente\u00a0de Educa\u00e7\u00e3o F\u00edsica e associado\u00a0de outra APEF;<\/p>\n<p>3\u00ba Outros docentes de Educa\u00e7\u00e3o F\u00edsica<\/p>\n<p>Data limite de inscri\u00e7\u00f5es: 31 de janeiro de 2025.<\/p>\n<p>Pre\u00e7o:<\/p>\n<p>Associados da Appefis : 40\u20ac<\/p>\n<p>Outros: 55\u20ac<\/p>\n<p>Anexamos ficha de inscri\u00e7\u00e3o.<\/p>\n<p>As inscri\u00e7\u00f5es devem ser enviadas para\u00a0<a href=\"mailto:centroformacaoappefis@gmail.com\">centroformacaoappefis@gmail.com<\/a><\/p>\n<p><a href=\"https:\/\/appefis.org\/pt\/wp-content\/uploads\/2025\/01\/Ficha-inscricao-Ginastica.pdf\">Ficha inscri\u00e7\u00e3o Gin\u00e1stica<\/a><\/p>\n","protected":false},"excerpt":{"rendered":"<p>&nbsp; Informamos que o Centro de Forma\u00e7\u00e3o da Appefis introduziu no seu Plano de Forma\u00e7\u00e3o 2024\/2025 a a\u00e7\u00e3o\u00a0Gin\u00e1stica \u2013 ecletismo e exig\u00eancia,\u00a0\u00a0a realizar nos dias\u00a008 de fevereiro, 01\u00a0e 08 de mar\u00e7o de 2025, na Escola [&hellip;]<\/p>\n","protected":false},"author":3,"featured_media":2724,"comment_status":"open","ping_status":"open","sticky":false,"template":"","format":"standard","meta":{"footnotes":""},"categories":[19],"tags":[21,113],"post_folder":[],"class_list":["post-2705","post","type-post","status-publish","format-standard","has-post-thumbnail","hentry","category-formacao-continua","tag-ginastica","tag-jorge-abrantes"],"_links":{"self":[{"href":"https:\/\/appefis.org\/pt\/wp-json\/wp\/v2\/posts\/2705","targetHints":{"allow":["GET"]}}],"collection":[{"href":"https:\/\/appefis.org\/pt\/wp-json\/wp\/v2\/posts"}],"about":[{"href":"https:\/\/appefis.org\/pt\/wp-json\/wp\/v2\/types\/post"}],"author":[{"embeddable":true,"href":"https:\/\/appefis.org\/pt\/wp-json\/wp\/v2\/users\/3"}],"replies":[{"embeddable":true,"href":"https:\/\/appefis.org\/pt\/wp-json\/wp\/v2\/comments?post=2705"}],"version-history":[{"count":3,"href":"https:\/\/appefis.org\/pt\/wp-json\/wp\/v2\/posts\/2705\/revisions"}],"predecessor-version":[{"id":2733,"href":"https:\/\/appefis.org\/pt\/wp-json\/wp\/v2\/posts\/2705\/revisions\/2733"}],"wp:featuredmedia":[{"embeddable":true,"href":"https:\/\/appefis.org\/pt\/wp-json\/wp\/v2\/media\/2724"}],"wp:attachment":[{"href":"https:\/\/appefis.org\/pt\/wp-json\/wp\/v2\/media?parent=2705"}],"wp:term":[{"taxonomy":"category","embeddable":true,"href":"https:\/\/appefis.org\/pt\/wp-json\/wp\/v2\/categories?post=2705"},{"taxonomy":"post_tag","embeddable":true,"href":"https:\/\/appefis.org\/pt\/wp-json\/wp\/v2\/tags?post=2705"},{"taxonomy":"post_folder","embeddable":true,"href":"https:\/\/appefis.org\/pt\/wp-json\/wp\/v2\/post_folder?post=2705"}],"curies":[{"name":"wp","href":"https:\/\/api.w.org\/{rel}","templated":true}]}}