{"id":2727,"date":"2025-03-05T11:57:36","date_gmt":"2025-03-05T11:57:36","guid":{"rendered":"https:\/\/appefis.org\/pt\/?p=2727"},"modified":"2025-03-05T11:57:36","modified_gmt":"2025-03-05T11:57:36","slug":"formacao-continua-2024-2025-bikes2","status":"publish","type":"post","link":"https:\/\/appefis.org\/pt\/2025\/03\/05\/formacao-continua-2024-2025-bikes2\/","title":{"rendered":"Forma\u00e7\u00e3o Cont\u00ednua 2024\/2025 &#8211; Bicicletas na escola: Do \u201cproblema\u201d \u00e0 oportunidade"},"content":{"rendered":"<p style=\"font-weight: 400;\">Informamos que o Centro de Forma\u00e7\u00e3o da Appefis introduziu no seu Plano de Forma\u00e7\u00e3o 2024\/2025 a a\u00e7\u00e3o\u00a0<strong><em>Bicicletas na escola: Do \u201cproblema\u201d \u00e0 oportunidade<\/em>,\u00a0<\/strong><em>\u00a0<\/em>a realizar nos dias\u00a029, 30\u00a0 de mar\u00e7o e 05 de abril de 2025, na Escola B\u00e1sica 2,3 Eug\u00e9nio de Castro, Coimbra.<\/p>\n<p>Formador:\u00a0M\u00e1rio Pereira<\/p>\n<p>Horas: 25<\/p>\n<p>Localidade: Coimbra<\/p>\n<p>Local:\u00a0\u00a0Escola B\u00e1sica 2,3 Eug\u00e9nio de Castro<\/p>\n<p>Calend\u00e1rio:<\/p>\n<p>29 de mar\u00e7o, s\u00e1bado: 09h00 \u00e0s 17h30 &#8211; presencial<br \/>\n30 de mar\u00e7o, domingo: 09h00 \u00e0s 17h30 &#8211; online<\/p>\n<p>05 de abril, s\u00e1bado: 09h00 \u00e0s 17h30 &#8211; presencial<\/p>\n<p>Esta a\u00e7\u00e3o de\u00a0forma\u00e7\u00e3o\u00a0releva para efeitos de progress\u00e3o\u00a0em carreira\u00a0de Professores dos Grupos 260 e 620.<\/p>\n<p>N\u00famero m\u00e1ximo de participantes: 22 formandos<\/p>\n<p>Crit\u00e9rios de Sele\u00e7\u00e3o:<\/p>\n<p>1.\u00ba Docente de Educa\u00e7\u00e3o F\u00edsica e associado da APPEFIS<strong>;\u00a0<\/strong><\/p>\n<p>2\u00ba\u00a0Docente\u00a0de Educa\u00e7\u00e3o F\u00edsica e associado\u00a0de outra APEF;<\/p>\n<p>3\u00ba Outros docentes de Educa\u00e7\u00e3o F\u00edsica<\/p>\n<p>Data limite de inscri\u00e7\u00f5es: 19 de mar\u00e7o de 2025.<\/p>\n<p>Pre\u00e7o:<\/p>\n<p>Associados da Appefis : 45\u20ac<\/p>\n<p>Outros: 62,5\u20ac<\/p>\n<p>Anexamos ficha de inscri\u00e7\u00e3o:<\/p>\n<p><a href=\"https:\/\/appefis.org\/pt\/wp-content\/uploads\/2025\/03\/Ficha_inscricao_Bicicletas2-1.pdf\">Ficha_inscricao_Bicicletas2<\/a><\/p>\n<p>As inscri\u00e7\u00f5es devem ser enviadas para\u00a0<a href=\"mailto:centroformacaoappefis@gmail.com\">centroformacaoappefis@gmail.com<\/a><\/p>\n","protected":false},"excerpt":{"rendered":"<p>Informamos que o Centro de Forma\u00e7\u00e3o da Appefis introduziu no seu Plano de Forma\u00e7\u00e3o 2024\/2025 a a\u00e7\u00e3o\u00a0Bicicletas na escola: Do \u201cproblema\u201d \u00e0 oportunidade,\u00a0\u00a0a realizar nos dias\u00a029, 30\u00a0 de mar\u00e7o e 05 de abril de 2025, [&hellip;]<\/p>\n","protected":false},"author":3,"featured_media":2536,"comment_status":"open","ping_status":"open","sticky":false,"template":"","format":"standard","meta":{"footnotes":""},"categories":[19],"tags":[81,76],"post_folder":[],"class_list":["post-2727","post","type-post","status-publish","format-standard","has-post-thumbnail","hentry","category-formacao-continua","tag-danca","tag-paula-ruas"],"_links":{"self":[{"href":"https:\/\/appefis.org\/pt\/wp-json\/wp\/v2\/posts\/2727","targetHints":{"allow":["GET"]}}],"collection":[{"href":"https:\/\/appefis.org\/pt\/wp-json\/wp\/v2\/posts"}],"about":[{"href":"https:\/\/appefis.org\/pt\/wp-json\/wp\/v2\/types\/post"}],"author":[{"embeddable":true,"href":"https:\/\/appefis.org\/pt\/wp-json\/wp\/v2\/users\/3"}],"replies":[{"embeddable":true,"href":"https:\/\/appefis.org\/pt\/wp-json\/wp\/v2\/comments?post=2727"}],"version-history":[{"count":1,"href":"https:\/\/appefis.org\/pt\/wp-json\/wp\/v2\/posts\/2727\/revisions"}],"predecessor-version":[{"id":2730,"href":"https:\/\/appefis.org\/pt\/wp-json\/wp\/v2\/posts\/2727\/revisions\/2730"}],"wp:featuredmedia":[{"embeddable":true,"href":"https:\/\/appefis.org\/pt\/wp-json\/wp\/v2\/media\/2536"}],"wp:attachment":[{"href":"https:\/\/appefis.org\/pt\/wp-json\/wp\/v2\/media?parent=2727"}],"wp:term":[{"taxonomy":"category","embeddable":true,"href":"https:\/\/appefis.org\/pt\/wp-json\/wp\/v2\/categories?post=2727"},{"taxonomy":"post_tag","embeddable":true,"href":"https:\/\/appefis.org\/pt\/wp-json\/wp\/v2\/tags?post=2727"},{"taxonomy":"post_folder","embeddable":true,"href":"https:\/\/appefis.org\/pt\/wp-json\/wp\/v2\/post_folder?post=2727"}],"curies":[{"name":"wp","href":"https:\/\/api.w.org\/{rel}","templated":true}]}}