{"id":2786,"date":"2025-11-28T11:48:37","date_gmt":"2025-11-28T11:48:37","guid":{"rendered":"https:\/\/appefis.org\/pt\/?p=2786"},"modified":"2025-11-28T11:51:08","modified_gmt":"2025-11-28T11:51:08","slug":"formacao-continua-tenis-lurdespereira","status":"publish","type":"post","link":"https:\/\/appefis.org\/pt\/2025\/11\/28\/formacao-continua-tenis-lurdespereira\/","title":{"rendered":"T\u00e9nis \u2013 Processo de ensino aprendizagem em contexto escolar"},"content":{"rendered":"<div><img decoding=\"async\" class=\"lazyload alignnone size-medium wp-image-2788\" src=\"https:\/\/appefis.org\/pt\/wp-content\/uploads\/2025\/11\/APPEFIS-Formacao-Continua-300x169.jpg\" data-orig-src=\"https:\/\/appefis.org\/pt\/wp-content\/uploads\/2025\/11\/APPEFIS-Formacao-Continua-300x169.jpg\" alt=\"\" width=\"300\" height=\"169\" srcset=\"data:image\/svg+xml,%3Csvg%20xmlns%3D%27http%3A%2F%2Fwww.w3.org%2F2000%2Fsvg%27%20width%3D%27300%27%20height%3D%27169%27%20viewBox%3D%270%200%20300%20169%27%3E%3Crect%20width%3D%27300%27%20height%3D%27169%27%20fill-opacity%3D%220%22%2F%3E%3C%2Fsvg%3E\" data-srcset=\"https:\/\/appefis.org\/pt\/wp-content\/uploads\/2025\/11\/APPEFIS-Formacao-Continua-200x113.jpg 200w, https:\/\/appefis.org\/pt\/wp-content\/uploads\/2025\/11\/APPEFIS-Formacao-Continua-300x169.jpg 300w, https:\/\/appefis.org\/pt\/wp-content\/uploads\/2025\/11\/APPEFIS-Formacao-Continua-400x225.jpg 400w, https:\/\/appefis.org\/pt\/wp-content\/uploads\/2025\/11\/APPEFIS-Formacao-Continua-600x338.jpg 600w, https:\/\/appefis.org\/pt\/wp-content\/uploads\/2025\/11\/APPEFIS-Formacao-Continua-768x432.jpg 768w, https:\/\/appefis.org\/pt\/wp-content\/uploads\/2025\/11\/APPEFIS-Formacao-Continua-800x450.jpg 800w, https:\/\/appefis.org\/pt\/wp-content\/uploads\/2025\/11\/APPEFIS-Formacao-Continua-1024x576.jpg 1024w, https:\/\/appefis.org\/pt\/wp-content\/uploads\/2025\/11\/APPEFIS-Formacao-Continua-1200x675.jpg 1200w, https:\/\/appefis.org\/pt\/wp-content\/uploads\/2025\/11\/APPEFIS-Formacao-Continua-1536x864.jpg 1536w, https:\/\/appefis.org\/pt\/wp-content\/uploads\/2025\/11\/APPEFIS-Formacao-Continua.jpg 1920w\" data-sizes=\"auto\" data-orig-sizes=\"(max-width: 300px) 100vw, 300px\" \/><\/div>\n<div><\/div>\n<div><\/div>\n<div><span style=\"font-family: arial, sans-serif;\">Informamos que foi introduzido\u00a0no Plano de Forma\u00e7\u00e3o da APPEFIS a a\u00e7\u00e3o\u00a0<b>T\u00e9nis \u2013 Processo de ensino aprendizagem em contexto escolar\u00a0<\/b>,\u00a0a realizar\u00a0 na Escola Dr\u00aa Maria Alice Gouveia, Coimbra.<\/span><\/div>\n<div><span style=\"font-family: arial, sans-serif;\">\u00a0<\/span><\/div>\n<div>\n<p><span style=\"font-family: arial, sans-serif;\">Formadora: Lurdes\u00a0Pereira<\/span><\/p>\n<p><span style=\"font-family: arial, sans-serif;\">Horas: 25<\/span><\/p>\n<p><span style=\"font-family: arial, sans-serif;\"><b>Objetivos:\u00a0<\/b><\/span><\/p>\n<p>Conhecer as regras oficiais do jogo de t\u00e9nis;<\/p>\n<p>Descrever e executar os gestos t\u00e9cnicos b\u00e1sicos da modalidade<\/p>\n<p>Identificar os princ\u00edpios t\u00e1ticos b\u00e1sicos;<\/p>\n<p>Identificar os principais erros t\u00e9cnico-t\u00e1ticos;<\/p>\n<p>Desenvolver o dom\u00ednio do processo de ensino do\u00a0t\u00e9nis, atrav\u00e9s da metodologia Play and Stay<\/p>\n<p><b><span style=\"font-size: large;\">*<\/span><\/b>\u00a0Haver\u00e1 um pequeno\u00a0m\u00f3dulo\u00a0dedicado ao pickleball<\/p>\n<p><span style=\"font-family: arial, sans-serif;\">Hor\u00e1rio:\u00a0<b>06, 07 de dezembro<\/b>\u00a0(Presencial\/Pr\u00e1tica- Escola Dr\u00aa Maria Alice Gouveia, Coimbra &#8211;\u00a0<i>9h00 -13h00 \/14h00-18h00);<\/i><\/span><\/p>\n<p><i>\u00a0Re<\/i><span style=\"font-family: arial, sans-serif;\">stantes horas duas sess\u00f5es online s\u00edncronas, em hor\u00e1rioa definir.<\/span><\/p>\n<div class=\"gmail_default\"><span style=\"font-family: arial, sans-serif;\">N\u00famero m\u00e1ximo de inscri\u00e7\u00f5es: 22 formandos<\/span><\/div>\n<p><span style=\"font-family: arial, sans-serif;\">Data limite de inscri\u00e7\u00e3o: 30 de novembro de 2025<\/span><\/p>\n<div><span style=\"font-family: arial, sans-serif;\">Pre\u00e7o: associados da APPEFIS: 40\u20ac; n\u00e3o associados: 60\u20ac<br \/>\n<\/span><\/div>\n<div><span style=\"font-family: arial, sans-serif;\">\u00a0<\/span><\/div>\n<div><span style=\"font-family: arial, sans-serif;\">Esta a\u00e7\u00e3o de\u00a0forma\u00e7\u00e3o\u00a0releva para efeitos de progress\u00e3o em carreira de Professores dos Grupos 260 e 620.<br \/>\n<\/span><\/div>\n<div><span style=\"font-family: arial, sans-serif;\">\u00a0<\/span><\/div>\n<div><span style=\"font-family: arial, sans-serif;\">\u00a0<\/span><\/div>\n<div>Anexamos ficha de inscri\u00e7\u00e3o:<\/div>\n<div><a href=\"https:\/\/appefis.org\/pt\/wp-content\/uploads\/2025\/11\/2025-12-06-Ficha-inscricao-Tenis.pdf\">2025-12-06 Ficha inscri\u00e7\u00e3o T\u00e9nis<\/a><\/div>\n<\/div>\n<div><\/div>\n<div>\n<div><span style=\"font-family: arial, sans-serif;\">Com os nossos cordiais cumprimentos<br \/>\n<\/span><\/div>\n<\/div>\n<div><span style=\"font-family: arial, sans-serif;\">A Dire\u00e7\u00e3o da APPEFIS<\/span><\/div>\n<div><\/div>\n<p><strong>As inscri\u00e7\u00f5es devem ser enviadas para\u00a0<a href=\"mailto:centroformacaoappefis@gmail.com\">centroformacaoappefis@gmail.com<\/a><\/strong><\/p>\n<p>&nbsp;<\/p>\n","protected":false},"excerpt":{"rendered":"<p>Informamos que foi introduzido\u00a0no Plano de Forma\u00e7\u00e3o da APPEFIS a a\u00e7\u00e3o\u00a0T\u00e9nis \u2013 Processo de ensino aprendizagem em contexto escolar\u00a0,\u00a0a realizar\u00a0 na Escola Dr\u00aa Maria Alice Gouveia, Coimbra. \u00a0 Formadora: Lurdes\u00a0Pereira Horas: 25 Objetivos:\u00a0 Conhecer as [&hellip;]<\/p>\n","protected":false},"author":3,"featured_media":2788,"comment_status":"open","ping_status":"open","sticky":false,"template":"","format":"standard","meta":{"footnotes":""},"categories":[19],"tags":[125,124],"post_folder":[],"class_list":["post-2786","post","type-post","status-publish","format-standard","has-post-thumbnail","hentry","category-formacao-continua","tag-lurdes-pereira","tag-tenis"],"_links":{"self":[{"href":"https:\/\/appefis.org\/pt\/wp-json\/wp\/v2\/posts\/2786","targetHints":{"allow":["GET"]}}],"collection":[{"href":"https:\/\/appefis.org\/pt\/wp-json\/wp\/v2\/posts"}],"about":[{"href":"https:\/\/appefis.org\/pt\/wp-json\/wp\/v2\/types\/post"}],"author":[{"embeddable":true,"href":"https:\/\/appefis.org\/pt\/wp-json\/wp\/v2\/users\/3"}],"replies":[{"embeddable":true,"href":"https:\/\/appefis.org\/pt\/wp-json\/wp\/v2\/comments?post=2786"}],"version-history":[{"count":5,"href":"https:\/\/appefis.org\/pt\/wp-json\/wp\/v2\/posts\/2786\/revisions"}],"predecessor-version":[{"id":2793,"href":"https:\/\/appefis.org\/pt\/wp-json\/wp\/v2\/posts\/2786\/revisions\/2793"}],"wp:featuredmedia":[{"embeddable":true,"href":"https:\/\/appefis.org\/pt\/wp-json\/wp\/v2\/media\/2788"}],"wp:attachment":[{"href":"https:\/\/appefis.org\/pt\/wp-json\/wp\/v2\/media?parent=2786"}],"wp:term":[{"taxonomy":"category","embeddable":true,"href":"https:\/\/appefis.org\/pt\/wp-json\/wp\/v2\/categories?post=2786"},{"taxonomy":"post_tag","embeddable":true,"href":"https:\/\/appefis.org\/pt\/wp-json\/wp\/v2\/tags?post=2786"},{"taxonomy":"post_folder","embeddable":true,"href":"https:\/\/appefis.org\/pt\/wp-json\/wp\/v2\/post_folder?post=2786"}],"curies":[{"name":"wp","href":"https:\/\/api.w.org\/{rel}","templated":true}]}}