{"id":2817,"date":"2026-01-30T13:48:48","date_gmt":"2026-01-30T13:48:48","guid":{"rendered":"https:\/\/appefis.org\/pt\/?p=2817"},"modified":"2026-01-30T13:55:21","modified_gmt":"2026-01-30T13:55:21","slug":"formacao-continua-2025-2026-desporto-adaptado-na-escola","status":"publish","type":"post","link":"https:\/\/appefis.org\/pt\/2026\/01\/30\/formacao-continua-2025-2026-desporto-adaptado-na-escola\/","title":{"rendered":"Forma\u00e7\u00e3o Cont\u00ednua 2025\/2026 &#8211; Desporto Adaptado na Escola"},"content":{"rendered":"<div><span style=\"font-family: arial, sans-serif;\">Informamos que foi introduzido\u00a0no Plano de Forma\u00e7\u00e3o da APPEFIS a a\u00e7\u00e3o\u00a0<b><i>Desporto Adaptado na Escola<\/i><\/b><b>\u00a0<\/b>,\u00a0a realizar na Escola B\u00e1sica Integrada de Pereira, Pereira &#8211; Montemor-o-Velho.<\/span><\/div>\n<div><span style=\"font-family: arial, sans-serif;\">\u00a0<\/span><\/div>\n<div>\n<p><span style=\"font-family: arial, sans-serif;\">Formador: Pedro Saraiva<\/span><\/p>\n<p><span style=\"font-family: arial, sans-serif;\">Horas: 25<\/span><\/p>\n<p><span style=\"font-family: arial, sans-serif;\">Hor\u00e1rio:-\u00a0<b>28 de fevereiro de 2026\u00a0<\/b>das 9h00 \u00e0s 13h00 e das 14h00 \u00e0s 18h00 (presencial)<\/span><\/p>\n<p><span style=\"font-family: arial, sans-serif;\"><b>\u00a0 \u00a0 \u00a0 \u00a0 \u00a0 \u00a0 \u00a0 07 de mar\u00e7o de 2026<\/b>\u00a0das 9h00 \u00e0s 13h00 e das 14h00 \u00e0s 18h00\u00a0<\/span>\u00a0(presencial)<\/p>\n<p><span style=\"font-family: arial, sans-serif;\">\u00a0 \u00a0 \u00a0 \u00a0 \u00a0 \u00a0\u00a0<b>\u00a0<\/b><b>14 de mar\u00e7o de 2026<\/b>\u00a0das 9h00 \u00e0s 13h00<\/span>\u00a0(presencial)<\/p>\n<p><span style=\"font-family: arial, sans-serif;\">\u00a0 \u00a0 \u00a0 \u00a0 \u00a0 \u00a0 \u00a0\u00a0<b>14 de mar\u00e7o de 2026\u00a0<\/b>das\u00a014h00-19h00 (<\/span>ass\u00edncrona)<\/p>\n<p><span style=\"font-family: arial, sans-serif;\"><b>\u00a0 \u00a0 \u00a0 \u00a0 \u00a0 \u00a0\u00a0<\/b><\/span><\/p>\n<div class=\"gmail_default\"><span style=\"font-family: arial, sans-serif;\">N\u00famero m\u00e1ximo de inscri\u00e7\u00f5es: 22 formandos<\/span><\/div>\n<p><span style=\"font-family: arial, sans-serif;\">Data limite de inscri\u00e7\u00e3o: 18 de fevereiro de 2026<\/span><\/p>\n<div><span style=\"font-family: arial, sans-serif;\">Pre\u00e7o: associados da APPEFIS: 45\u20ac; n\u00e3o associados: 62,5 \u20ac<br \/>\n<\/span><\/div>\n<div><span style=\"font-family: arial, sans-serif;\">\u00a0<\/span><\/div>\n<div><span style=\"font-family: arial, sans-serif;\">Esta a\u00e7\u00e3o de\u00a0forma\u00e7\u00e3o\u00a0releva para efeitos de progress\u00e3o em carreira de Professores dos Grupos 260 e 620.<br \/>\n<\/span><\/div>\n<div><span style=\"font-family: arial, sans-serif;\">\u00a0<\/span><\/div>\n<div><span style=\"font-family: arial, sans-serif;\">\u00a0<\/span><\/div>\n<div>Anexamos ficha de inscri\u00e7\u00e3o:<\/div>\n<div><a href=\"https:\/\/appefis.org\/pt\/wp-content\/uploads\/2026\/01\/2026-02-28-Ficha-inscricao-Desporto-Adaptado.pdf\">2026-02-28 Ficha inscri\u00e7\u00e3o Desporto Adaptado<\/a><\/div>\n<\/div>\n","protected":false},"excerpt":{"rendered":"<p>Informamos que foi introduzido\u00a0no Plano de Forma\u00e7\u00e3o da APPEFIS a a\u00e7\u00e3o\u00a0Desporto Adaptado na Escola\u00a0,\u00a0a realizar na Escola B\u00e1sica Integrada de Pereira, Pereira &#8211; Montemor-o-Velho. \u00a0 Formador: Pedro Saraiva Horas: 25 Hor\u00e1rio:-\u00a028 de fevereiro de 2026\u00a0das [&hellip;]<\/p>\n","protected":false},"author":3,"featured_media":2820,"comment_status":"open","ping_status":"open","sticky":false,"template":"","format":"standard","meta":{"footnotes":""},"categories":[19],"tags":[128],"post_folder":[],"class_list":["post-2817","post","type-post","status-publish","format-standard","has-post-thumbnail","hentry","category-formacao-continua","tag-desporto-adaptado"],"_links":{"self":[{"href":"https:\/\/appefis.org\/pt\/wp-json\/wp\/v2\/posts\/2817","targetHints":{"allow":["GET"]}}],"collection":[{"href":"https:\/\/appefis.org\/pt\/wp-json\/wp\/v2\/posts"}],"about":[{"href":"https:\/\/appefis.org\/pt\/wp-json\/wp\/v2\/types\/post"}],"author":[{"embeddable":true,"href":"https:\/\/appefis.org\/pt\/wp-json\/wp\/v2\/users\/3"}],"replies":[{"embeddable":true,"href":"https:\/\/appefis.org\/pt\/wp-json\/wp\/v2\/comments?post=2817"}],"version-history":[{"count":1,"href":"https:\/\/appefis.org\/pt\/wp-json\/wp\/v2\/posts\/2817\/revisions"}],"predecessor-version":[{"id":2819,"href":"https:\/\/appefis.org\/pt\/wp-json\/wp\/v2\/posts\/2817\/revisions\/2819"}],"wp:featuredmedia":[{"embeddable":true,"href":"https:\/\/appefis.org\/pt\/wp-json\/wp\/v2\/media\/2820"}],"wp:attachment":[{"href":"https:\/\/appefis.org\/pt\/wp-json\/wp\/v2\/media?parent=2817"}],"wp:term":[{"taxonomy":"category","embeddable":true,"href":"https:\/\/appefis.org\/pt\/wp-json\/wp\/v2\/categories?post=2817"},{"taxonomy":"post_tag","embeddable":true,"href":"https:\/\/appefis.org\/pt\/wp-json\/wp\/v2\/tags?post=2817"},{"taxonomy":"post_folder","embeddable":true,"href":"https:\/\/appefis.org\/pt\/wp-json\/wp\/v2\/post_folder?post=2817"}],"curies":[{"name":"wp","href":"https:\/\/api.w.org\/{rel}","templated":true}]}}